{"id":36430,"date":"2021-03-12T21:00:49","date_gmt":"2021-03-12T20:00:49","guid":{"rendered":"https:\/\/www.oldtimer-nrw.net\/wordpress\/?p=36430"},"modified":"2021-09-06T21:06:27","modified_gmt":"2021-09-06T20:06:27","slug":"fahrzeugvorstellung-karl-heinz-renault-r4-bj-1982","status":"publish","type":"post","link":"https:\/\/www.oldtimer-nrw.net\/wordpress\/fahrzeugvorstellung-karl-heinz-renault-r4-bj-1982\/","title":{"rendered":"Fahrzeugvorstellung: Karl-Heinz Renault R4, Bj. 1982"},"content":{"rendered":"<p><a href=\"https:\/\/www.oldtimer-nrw.net\/wordpress\/wp-content\/uploads\/2020\/09\/KarlHeinzRenaultR420_Start.jpg\"><img loading=\"lazy\" decoding=\"async\" class=\"aligncenter size-full wp-image-36431\" src=\"https:\/\/www.oldtimer-nrw.net\/wordpress\/wp-content\/uploads\/2020\/09\/KarlHeinzRenaultR420_Start.jpg\" alt=\"\" width=\"1024\" height=\"576\" srcset=\"https:\/\/www.oldtimer-nrw.net\/wordpress\/wp-content\/uploads\/2020\/09\/KarlHeinzRenaultR420_Start.jpg 1024w, https:\/\/www.oldtimer-nrw.net\/wordpress\/wp-content\/uploads\/2020\/09\/KarlHeinzRenaultR420_Start-300x169.jpg 300w, https:\/\/www.oldtimer-nrw.net\/wordpress\/wp-content\/uploads\/2020\/09\/KarlHeinzRenaultR420_Start-768x432.jpg 768w, https:\/\/www.oldtimer-nrw.net\/wordpress\/wp-content\/uploads\/2020\/09\/KarlHeinzRenaultR420_Start-840x473.jpg 840w, https:\/\/www.oldtimer-nrw.net\/wordpress\/wp-content\/uploads\/2020\/09\/KarlHeinzRenaultR420_Start-600x338.jpg 600w, https:\/\/www.oldtimer-nrw.net\/wordpress\/wp-content\/uploads\/2020\/09\/KarlHeinzRenaultR420_Start-144x81.jpg 144w\" sizes=\"auto, (max-width: 1024px) 100vw, 1024px\" \/><\/a>Preiswert, praktisch und vielseitig, so pr\u00e4sentierte die Fa. Renault, genau vor 60 Jahren, den ersten Prototyp des R4 im Jahr 1961. Dabei galt er als \u00e4usserst sparsam und sehr robust. Diese Attribute waren der Beginn einer von 1961-1992 andauernden sehr langen Bauzeit.<\/p>\n<p><!--more--><\/p>\n<p>Dieses Modell von Karl-Heinz ist ein 1982er Sondermodell &#8222;Jogging&#8220; mit Glasaufstelldach, Chromleisten an den Schiebefenstern, Radio und speziellen Zierstreifen. Dieses Auto hatte Karl-Heinz in der Werkstatt eines Bekannten gesehen, der gerade angefangen hatte es mit seinem Besitzer zu restaurieren. Da er zu diesem Zeitpunkt gerade nach einem ereignisreichen Arbeitsleben in den Ruhestand gegangen war, erwachte in ihm der Wunsch dieses Auto in dieser fr\u00fchen Restaurierungsphase zu \u00fcbernehmen und in n\u00e4chster Zeit sein Rentnerleben damit zu verbringen.<\/p>\n<p>Dies war der Beginn einer gro\u00dfen Oldtimerliebe und einer Liebe zum Renault R4. Es folgte eine lange Restaurationsphase von Karosserie, Motor und Anbauteilen. Irgendwann wurde der Wagen fertig, obwohl es an einem Oldtimer immer was zu tun gibt. Die ersten, stolzen Fahrversuche verliefen mehr als erfolgreich und so wagte Karl-Heinz auch fortan auch gr\u00f6\u00dfere Touren.<\/p>\n<p>So war er bisher viermal in seinem Herkunftsland Frankreich unterwegs. Es ging mal mit und mal ohne dem R4 Club in die Provence und \u00fcber die Route de Grand Alpes. In diesem Sommer versagte zum ersten Mal der R4 mitten auf dem Col de la Bonette und sprang nicht mehr an. Dank dem ADAC und 2 Telefonaten kam nach nur einer halben Stunde Hilfe aus Barcolonette. Eine hilfsbereite Werkstatt baute eine neue Z\u00fcndspule ein und weiter ging die Reise&#8230; Dies zeigt mal wieder: Franzosen sind weitaus besser als ihr Ruf!<\/p>\n<p><strong>P.S.: <a href=\"https:\/\/www.oldtimer-nrw.net\" target=\"_blank\" rel=\"noopener\">oldtimer-nrw.net<\/a> w\u00fcnscht dem Renault R4 alles Gute zum 60j\u00e4hrigen Jubil\u00e4um!<\/strong> \ud83d\ude00<\/p>\n<p><a href=\"https:\/\/www.oldtimer-nrw.net\/wordpress\/wp-content\/uploads\/2020\/09\/KarlHeinzRenaultR420_001.jpg\"><img loading=\"lazy\" decoding=\"async\" class=\"aligncenter size-full wp-image-36445\" src=\"https:\/\/www.oldtimer-nrw.net\/wordpress\/wp-content\/uploads\/2020\/09\/KarlHeinzRenaultR420_001.jpg\" alt=\"\" width=\"1024\" height=\"681\" srcset=\"https:\/\/www.oldtimer-nrw.net\/wordpress\/wp-content\/uploads\/2020\/09\/KarlHeinzRenaultR420_001.jpg 1024w, https:\/\/www.oldtimer-nrw.net\/wordpress\/wp-content\/uploads\/2020\/09\/KarlHeinzRenaultR420_001-300x200.jpg 300w, https:\/\/www.oldtimer-nrw.net\/wordpress\/wp-content\/uploads\/2020\/09\/KarlHeinzRenaultR420_001-768x511.jpg 768w, https:\/\/www.oldtimer-nrw.net\/wordpress\/wp-content\/uploads\/2020\/09\/KarlHeinzRenaultR420_001-451x300.jpg 451w\" sizes=\"auto, (max-width: 1024px) 100vw, 1024px\" \/><\/a><span style=\"text-decoration: underline;\"><strong>Front:<\/strong><\/span> Die lackierten Sto\u00dff\u00e4nger und die eckigen Stand-\/Blinklichter verraten die Modellreihe ab Baujahr 1978.<\/p>\n<p><a href=\"https:\/\/www.oldtimer-nrw.net\/wordpress\/wp-content\/uploads\/2020\/09\/KarlHeinzRenaultR420_002.jpg\"><img loading=\"lazy\" decoding=\"async\" class=\"aligncenter size-full wp-image-36446\" src=\"https:\/\/www.oldtimer-nrw.net\/wordpress\/wp-content\/uploads\/2020\/09\/KarlHeinzRenaultR420_002.jpg\" alt=\"\" width=\"1024\" height=\"681\" srcset=\"https:\/\/www.oldtimer-nrw.net\/wordpress\/wp-content\/uploads\/2020\/09\/KarlHeinzRenaultR420_002.jpg 1024w, https:\/\/www.oldtimer-nrw.net\/wordpress\/wp-content\/uploads\/2020\/09\/KarlHeinzRenaultR420_002-300x200.jpg 300w, https:\/\/www.oldtimer-nrw.net\/wordpress\/wp-content\/uploads\/2020\/09\/KarlHeinzRenaultR420_002-768x511.jpg 768w, https:\/\/www.oldtimer-nrw.net\/wordpress\/wp-content\/uploads\/2020\/09\/KarlHeinzRenaultR420_002-451x300.jpg 451w\" sizes=\"auto, (max-width: 1024px) 100vw, 1024px\" \/><\/a><span style=\"text-decoration: underline;\"><strong>Motor:<\/strong><\/span> Der Motor leistet serienm\u00e4ssig 34PS aus 1108 cm3.<\/p>\n<p><a href=\"https:\/\/www.oldtimer-nrw.net\/wordpress\/wp-content\/uploads\/2020\/09\/KarlHeinzRenaultR420_003.jpg\"><img loading=\"lazy\" decoding=\"async\" class=\"aligncenter size-full wp-image-36447\" src=\"https:\/\/www.oldtimer-nrw.net\/wordpress\/wp-content\/uploads\/2020\/09\/KarlHeinzRenaultR420_003.jpg\" alt=\"\" width=\"1024\" height=\"681\" srcset=\"https:\/\/www.oldtimer-nrw.net\/wordpress\/wp-content\/uploads\/2020\/09\/KarlHeinzRenaultR420_003.jpg 1024w, https:\/\/www.oldtimer-nrw.net\/wordpress\/wp-content\/uploads\/2020\/09\/KarlHeinzRenaultR420_003-300x200.jpg 300w, https:\/\/www.oldtimer-nrw.net\/wordpress\/wp-content\/uploads\/2020\/09\/KarlHeinzRenaultR420_003-768x511.jpg 768w, https:\/\/www.oldtimer-nrw.net\/wordpress\/wp-content\/uploads\/2020\/09\/KarlHeinzRenaultR420_003-451x300.jpg 451w\" sizes=\"auto, (max-width: 1024px) 100vw, 1024px\" \/><\/a>W\u00e4hrend der 31 Jahre Produktionszeit wurden \u00fcber 8 Millionen des Erfolgsmodells R4 produziert.<\/p>\n<p><a href=\"https:\/\/www.oldtimer-nrw.net\/wordpress\/wp-content\/uploads\/2020\/09\/KarlHeinzRenaultR420_004.jpg\"><img loading=\"lazy\" decoding=\"async\" class=\"aligncenter size-full wp-image-36448\" src=\"https:\/\/www.oldtimer-nrw.net\/wordpress\/wp-content\/uploads\/2020\/09\/KarlHeinzRenaultR420_004.jpg\" alt=\"\" width=\"1024\" height=\"681\" srcset=\"https:\/\/www.oldtimer-nrw.net\/wordpress\/wp-content\/uploads\/2020\/09\/KarlHeinzRenaultR420_004.jpg 1024w, https:\/\/www.oldtimer-nrw.net\/wordpress\/wp-content\/uploads\/2020\/09\/KarlHeinzRenaultR420_004-300x200.jpg 300w, https:\/\/www.oldtimer-nrw.net\/wordpress\/wp-content\/uploads\/2020\/09\/KarlHeinzRenaultR420_004-768x511.jpg 768w, https:\/\/www.oldtimer-nrw.net\/wordpress\/wp-content\/uploads\/2020\/09\/KarlHeinzRenaultR420_004-451x300.jpg 451w\" sizes=\"auto, (max-width: 1024px) 100vw, 1024px\" \/><\/a>Das Fahrwerk ist, typisch f\u00fcr die Fahrzeuge aus franz\u00f6sischer Produktion sehr weich ausgelegt.<\/p>\n<p><a href=\"https:\/\/www.oldtimer-nrw.net\/wordpress\/wp-content\/uploads\/2020\/09\/KarlHeinzRenaultR420_005.jpg\"><img loading=\"lazy\" decoding=\"async\" class=\"aligncenter size-full wp-image-36449\" src=\"https:\/\/www.oldtimer-nrw.net\/wordpress\/wp-content\/uploads\/2020\/09\/KarlHeinzRenaultR420_005.jpg\" alt=\"\" width=\"1024\" height=\"681\" srcset=\"https:\/\/www.oldtimer-nrw.net\/wordpress\/wp-content\/uploads\/2020\/09\/KarlHeinzRenaultR420_005.jpg 1024w, https:\/\/www.oldtimer-nrw.net\/wordpress\/wp-content\/uploads\/2020\/09\/KarlHeinzRenaultR420_005-300x200.jpg 300w, https:\/\/www.oldtimer-nrw.net\/wordpress\/wp-content\/uploads\/2020\/09\/KarlHeinzRenaultR420_005-768x511.jpg 768w, https:\/\/www.oldtimer-nrw.net\/wordpress\/wp-content\/uploads\/2020\/09\/KarlHeinzRenaultR420_005-451x300.jpg 451w\" sizes=\"auto, (max-width: 1024px) 100vw, 1024px\" \/><\/a><span style=\"text-decoration: underline;\"><strong>Interieur:<\/strong><\/span> Im eher sachlichen Innenraum f\u00e4llt sofort die Revolverschaltung ins Auge. Die Sitze sind weitaus besser als ihr Ruf.<\/p>\n<p><a href=\"https:\/\/www.oldtimer-nrw.net\/wordpress\/wp-content\/uploads\/2020\/09\/KarlHeinzRenaultR420_006.jpg\"><img loading=\"lazy\" decoding=\"async\" class=\"aligncenter size-full wp-image-36450\" src=\"https:\/\/www.oldtimer-nrw.net\/wordpress\/wp-content\/uploads\/2020\/09\/KarlHeinzRenaultR420_006.jpg\" alt=\"\" width=\"1024\" height=\"681\" srcset=\"https:\/\/www.oldtimer-nrw.net\/wordpress\/wp-content\/uploads\/2020\/09\/KarlHeinzRenaultR420_006.jpg 1024w, https:\/\/www.oldtimer-nrw.net\/wordpress\/wp-content\/uploads\/2020\/09\/KarlHeinzRenaultR420_006-300x200.jpg 300w, https:\/\/www.oldtimer-nrw.net\/wordpress\/wp-content\/uploads\/2020\/09\/KarlHeinzRenaultR420_006-768x511.jpg 768w, https:\/\/www.oldtimer-nrw.net\/wordpress\/wp-content\/uploads\/2020\/09\/KarlHeinzRenaultR420_006-451x300.jpg 451w\" sizes=\"auto, (max-width: 1024px) 100vw, 1024px\" \/><\/a>Der Frontantrieb und die zweckm\u00e4ssige Karrosserie in Verbindung mit dem relativ langen Radstand bei niedrigen Produktionskosten waren wohl der Schl\u00fcssel zum langen Erfolg dieses Autos.<\/p>\n<p><a href=\"https:\/\/www.oldtimer-nrw.net\/wordpress\/wp-content\/uploads\/2020\/09\/KarlHeinzRenaultR420_007.jpg\"><img loading=\"lazy\" decoding=\"async\" class=\"aligncenter size-full wp-image-36451\" src=\"https:\/\/www.oldtimer-nrw.net\/wordpress\/wp-content\/uploads\/2020\/09\/KarlHeinzRenaultR420_007.jpg\" alt=\"\" width=\"1024\" height=\"681\" srcset=\"https:\/\/www.oldtimer-nrw.net\/wordpress\/wp-content\/uploads\/2020\/09\/KarlHeinzRenaultR420_007.jpg 1024w, https:\/\/www.oldtimer-nrw.net\/wordpress\/wp-content\/uploads\/2020\/09\/KarlHeinzRenaultR420_007-300x200.jpg 300w, https:\/\/www.oldtimer-nrw.net\/wordpress\/wp-content\/uploads\/2020\/09\/KarlHeinzRenaultR420_007-768x511.jpg 768w, https:\/\/www.oldtimer-nrw.net\/wordpress\/wp-content\/uploads\/2020\/09\/KarlHeinzRenaultR420_007-451x300.jpg 451w\" sizes=\"auto, (max-width: 1024px) 100vw, 1024px\" \/><\/a><span style=\"text-decoration: underline;\"><strong>Heck:<\/strong><\/span> Der R4 war eines der ersten Gro\u00dferienfahrzeuge mit einer praktischen, weit \u00f6ffnenden Heckklappe.<\/p>\n<p><a href=\"https:\/\/www.oldtimer-nrw.net\/wordpress\/wp-content\/uploads\/2020\/09\/KarlHeinzRenaultR420_008.jpg\"><img loading=\"lazy\" decoding=\"async\" class=\"aligncenter size-full wp-image-36452\" src=\"https:\/\/www.oldtimer-nrw.net\/wordpress\/wp-content\/uploads\/2020\/09\/KarlHeinzRenaultR420_008.jpg\" alt=\"\" width=\"1024\" height=\"681\" srcset=\"https:\/\/www.oldtimer-nrw.net\/wordpress\/wp-content\/uploads\/2020\/09\/KarlHeinzRenaultR420_008.jpg 1024w, https:\/\/www.oldtimer-nrw.net\/wordpress\/wp-content\/uploads\/2020\/09\/KarlHeinzRenaultR420_008-300x200.jpg 300w, https:\/\/www.oldtimer-nrw.net\/wordpress\/wp-content\/uploads\/2020\/09\/KarlHeinzRenaultR420_008-768x511.jpg 768w, https:\/\/www.oldtimer-nrw.net\/wordpress\/wp-content\/uploads\/2020\/09\/KarlHeinzRenaultR420_008-451x300.jpg 451w\" sizes=\"auto, (max-width: 1024px) 100vw, 1024px\" \/><\/a>Dieser kleine Geselle ist bei jeder Ausfahrt dabei, in Corona-Zeiten selbstverst\u00e4ndlich mit Mundschutz.<\/p>\n<p><span style=\"text-decoration: underline;\">Weiterf\u00fchrende Links zum Thema:<\/span><br \/>\n<a href=\"https:\/\/www.oldtimer-nrw.net\/wordpress\/fahrzeugvorstellung-72er-simca-1000-rallye\/\" target=\"_blank\" rel=\"noopener noreferrer\">Fahrzeugvorstellung: 72er Simca 1000 Rallye<\/a><br \/>\n<a href=\"https:\/\/www.oldtimer-nrw.net\/wordpress\/fahrzeugvorstellung-stefans-83er-renault-a5-alpine-turbo\/\" target=\"_blank\" rel=\"noopener noreferrer\">Fahrzeugvorstellung: Stefans 83er Renault A5 Alpine Turbo<\/a><br \/>\n<a href=\"https:\/\/www.oldtimer-nrw.net\/wordpress\/fahrzeugvorstellung-breiter-schneller-von-hand-gebaut-markus-alpine-310s\/\" target=\"_blank\" rel=\"noopener noreferrer\">Fahrzeugvorstellung: Breiter, Schneller, von Hand gebaut &#8211; Markus Alpine A310s<\/a><\/p>\n<p>&#8212;<\/p>\n","protected":false},"excerpt":{"rendered":"<p>Preiswert, praktisch und vielseitig, so pr\u00e4sentierte die Fa. Renault, genau vor 60 Jahren, den ersten Prototyp des R4 im Jahr 1961. Dabei galt er als \u00e4usserst sparsam und sehr robust. Diese Attribute waren der Beginn &hellip;<\/p>\n","protected":false},"author":1,"featured_media":36431,"comment_status":"open","ping_status":"open","sticky":false,"template":"","format":"standard","meta":{"footnotes":""},"categories":[117],"tags":[119,99,16,70],"class_list":["post-36430","post","type-post","status-publish","format-standard","has-post-thumbnail","hentry","category-fahrzeugvorstellung","tag-119","tag-fahrzeugvorstellung","tag-foto-shootings","tag-youngtimer"],"yoast_head":"<!-- This site is optimized with the Yoast SEO plugin v27.4 - https:\/\/yoast.com\/product\/yoast-seo-wordpress\/ -->\n<title>Fahrzeugvorstellung: Karl-Heinz Renault R4, Bj. 1982 - https:\/\/oldtimer-nrw.net<\/title>\n<meta name=\"description\" content=\"Fahrzeugvorstellung: Karl-Heinz Renault R4, Bj. 1982 - https:\/\/oldtimer-nrw.net - Oldtimer - Youngtimer - Motorsport - Tuning\" \/>\n<meta name=\"robots\" content=\"index, follow, max-snippet:-1, max-image-preview:large, max-video-preview:-1\" \/>\n<link rel=\"canonical\" href=\"https:\/\/www.oldtimer-nrw.net\/wordpress\/fahrzeugvorstellung-karl-heinz-renault-r4-bj-1982\/\" \/>\n<meta property=\"og:locale\" content=\"de_DE\" \/>\n<meta property=\"og:type\" content=\"article\" \/>\n<meta property=\"og:title\" content=\"Fahrzeugvorstellung: Karl-Heinz Renault R4, Bj. 1982 - https:\/\/oldtimer-nrw.net\" \/>\n<meta property=\"og:description\" content=\"Fahrzeugvorstellung: Karl-Heinz Renault R4, Bj. 1982 - https:\/\/oldtimer-nrw.net - Oldtimer - Youngtimer - Motorsport - Tuning\" \/>\n<meta property=\"og:url\" content=\"https:\/\/www.oldtimer-nrw.net\/wordpress\/fahrzeugvorstellung-karl-heinz-renault-r4-bj-1982\/\" \/>\n<meta property=\"og:site_name\" content=\"https:\/\/oldtimer-nrw.net\" \/>\n<meta property=\"article:published_time\" content=\"2021-03-12T20:00:49+00:00\" \/>\n<meta property=\"article:modified_time\" content=\"2021-09-06T20:06:27+00:00\" \/>\n<meta property=\"og:image\" content=\"https:\/\/www.oldtimer-nrw.net\/wordpress\/wp-content\/uploads\/2020\/09\/KarlHeinzRenaultR420_Start.jpg\" \/>\n\t<meta property=\"og:image:width\" content=\"1024\" \/>\n\t<meta property=\"og:image:height\" content=\"576\" \/>\n\t<meta property=\"og:image:type\" content=\"image\/jpeg\" \/>\n<meta name=\"author\" content=\"Christian\" \/>\n<meta name=\"twitter:card\" content=\"summary_large_image\" \/>\n<meta name=\"twitter:label1\" content=\"Verfasst von\" \/>\n\t<meta name=\"twitter:data1\" content=\"Christian\" \/>\n\t<meta name=\"twitter:label2\" content=\"Gesch\u00e4tzte Lesezeit\" \/>\n\t<meta name=\"twitter:data2\" content=\"2\u00a0Minuten\" \/>\n<script type=\"application\/ld+json\" class=\"yoast-schema-graph\">{\"@context\":\"https:\\\/\\\/schema.org\",\"@graph\":[{\"@type\":\"Article\",\"@id\":\"https:\\\/\\\/www.oldtimer-nrw.net\\\/wordpress\\\/fahrzeugvorstellung-karl-heinz-renault-r4-bj-1982\\\/#article\",\"isPartOf\":{\"@id\":\"https:\\\/\\\/www.oldtimer-nrw.net\\\/wordpress\\\/fahrzeugvorstellung-karl-heinz-renault-r4-bj-1982\\\/\"},\"author\":{\"name\":\"Christian\",\"@id\":\"https:\\\/\\\/www.oldtimer-nrw.net\\\/wordpress\\\/#\\\/schema\\\/person\\\/fb50b11b23e3a6c83a4fd898edc917d2\"},\"headline\":\"Fahrzeugvorstellung: Karl-Heinz Renault R4, Bj. 1982\",\"datePublished\":\"2021-03-12T20:00:49+00:00\",\"dateModified\":\"2021-09-06T20:06:27+00:00\",\"mainEntityOfPage\":{\"@id\":\"https:\\\/\\\/www.oldtimer-nrw.net\\\/wordpress\\\/fahrzeugvorstellung-karl-heinz-renault-r4-bj-1982\\\/\"},\"wordCount\":444,\"commentCount\":2,\"publisher\":{\"@id\":\"https:\\\/\\\/www.oldtimer-nrw.net\\\/wordpress\\\/#\\\/schema\\\/person\\\/fb50b11b23e3a6c83a4fd898edc917d2\"},\"image\":{\"@id\":\"https:\\\/\\\/www.oldtimer-nrw.net\\\/wordpress\\\/fahrzeugvorstellung-karl-heinz-renault-r4-bj-1982\\\/#primaryimage\"},\"thumbnailUrl\":\"https:\\\/\\\/www.oldtimer-nrw.net\\\/wordpress\\\/wp-content\\\/uploads\\\/2020\\\/09\\\/KarlHeinzRenaultR420_Start.jpg\",\"keywords\":[\"2020\",\"Fahrzeugvorstellung\",\"Foto-Shootings\",\"Youngtimer\"],\"articleSection\":[\"Fahrzeugvorstellungen\"],\"inLanguage\":\"de\",\"potentialAction\":[{\"@type\":\"CommentAction\",\"name\":\"Comment\",\"target\":[\"https:\\\/\\\/www.oldtimer-nrw.net\\\/wordpress\\\/fahrzeugvorstellung-karl-heinz-renault-r4-bj-1982\\\/#respond\"]}]},{\"@type\":\"WebPage\",\"@id\":\"https:\\\/\\\/www.oldtimer-nrw.net\\\/wordpress\\\/fahrzeugvorstellung-karl-heinz-renault-r4-bj-1982\\\/\",\"url\":\"https:\\\/\\\/www.oldtimer-nrw.net\\\/wordpress\\\/fahrzeugvorstellung-karl-heinz-renault-r4-bj-1982\\\/\",\"name\":\"Fahrzeugvorstellung: Karl-Heinz Renault R4, Bj. 1982 - https:\\\/\\\/oldtimer-nrw.net\",\"isPartOf\":{\"@id\":\"https:\\\/\\\/www.oldtimer-nrw.net\\\/wordpress\\\/#website\"},\"primaryImageOfPage\":{\"@id\":\"https:\\\/\\\/www.oldtimer-nrw.net\\\/wordpress\\\/fahrzeugvorstellung-karl-heinz-renault-r4-bj-1982\\\/#primaryimage\"},\"image\":{\"@id\":\"https:\\\/\\\/www.oldtimer-nrw.net\\\/wordpress\\\/fahrzeugvorstellung-karl-heinz-renault-r4-bj-1982\\\/#primaryimage\"},\"thumbnailUrl\":\"https:\\\/\\\/www.oldtimer-nrw.net\\\/wordpress\\\/wp-content\\\/uploads\\\/2020\\\/09\\\/KarlHeinzRenaultR420_Start.jpg\",\"datePublished\":\"2021-03-12T20:00:49+00:00\",\"dateModified\":\"2021-09-06T20:06:27+00:00\",\"description\":\"Fahrzeugvorstellung: Karl-Heinz Renault R4, Bj. 1982 - https:\\\/\\\/oldtimer-nrw.net - Oldtimer - Youngtimer - Motorsport - Tuning\",\"breadcrumb\":{\"@id\":\"https:\\\/\\\/www.oldtimer-nrw.net\\\/wordpress\\\/fahrzeugvorstellung-karl-heinz-renault-r4-bj-1982\\\/#breadcrumb\"},\"inLanguage\":\"de\",\"potentialAction\":[{\"@type\":\"ReadAction\",\"target\":[\"https:\\\/\\\/www.oldtimer-nrw.net\\\/wordpress\\\/fahrzeugvorstellung-karl-heinz-renault-r4-bj-1982\\\/\"]}]},{\"@type\":\"ImageObject\",\"inLanguage\":\"de\",\"@id\":\"https:\\\/\\\/www.oldtimer-nrw.net\\\/wordpress\\\/fahrzeugvorstellung-karl-heinz-renault-r4-bj-1982\\\/#primaryimage\",\"url\":\"https:\\\/\\\/www.oldtimer-nrw.net\\\/wordpress\\\/wp-content\\\/uploads\\\/2020\\\/09\\\/KarlHeinzRenaultR420_Start.jpg\",\"contentUrl\":\"https:\\\/\\\/www.oldtimer-nrw.net\\\/wordpress\\\/wp-content\\\/uploads\\\/2020\\\/09\\\/KarlHeinzRenaultR420_Start.jpg\",\"width\":1024,\"height\":576},{\"@type\":\"BreadcrumbList\",\"@id\":\"https:\\\/\\\/www.oldtimer-nrw.net\\\/wordpress\\\/fahrzeugvorstellung-karl-heinz-renault-r4-bj-1982\\\/#breadcrumb\",\"itemListElement\":[{\"@type\":\"ListItem\",\"position\":1,\"name\":\"Startseite\",\"item\":\"https:\\\/\\\/www.oldtimer-nrw.net\\\/wordpress\\\/\"},{\"@type\":\"ListItem\",\"position\":2,\"name\":\"Fahrzeugvorstellung: Karl-Heinz Renault R4, Bj. 1982\"}]},{\"@type\":\"WebSite\",\"@id\":\"https:\\\/\\\/www.oldtimer-nrw.net\\\/wordpress\\\/#website\",\"url\":\"https:\\\/\\\/www.oldtimer-nrw.net\\\/wordpress\\\/\",\"name\":\"https:\\\/\\\/oldtimer-nrw.net\",\"description\":\"Oldtimer * Youngtimer * Motorsport * Tuning\",\"publisher\":{\"@id\":\"https:\\\/\\\/www.oldtimer-nrw.net\\\/wordpress\\\/#\\\/schema\\\/person\\\/fb50b11b23e3a6c83a4fd898edc917d2\"},\"potentialAction\":[{\"@type\":\"SearchAction\",\"target\":{\"@type\":\"EntryPoint\",\"urlTemplate\":\"https:\\\/\\\/www.oldtimer-nrw.net\\\/wordpress\\\/?s={search_term_string}\"},\"query-input\":{\"@type\":\"PropertyValueSpecification\",\"valueRequired\":true,\"valueName\":\"search_term_string\"}}],\"inLanguage\":\"de\"},{\"@type\":[\"Person\",\"Organization\"],\"@id\":\"https:\\\/\\\/www.oldtimer-nrw.net\\\/wordpress\\\/#\\\/schema\\\/person\\\/fb50b11b23e3a6c83a4fd898edc917d2\",\"name\":\"Christian\",\"image\":{\"@type\":\"ImageObject\",\"inLanguage\":\"de\",\"@id\":\"https:\\\/\\\/secure.gravatar.com\\\/avatar\\\/148f254835bad72a5e34fb2e88fd867e0462b5d2a298d42fc7b1ba157f1c2c1d?s=96&d=mm&r=g\",\"url\":\"https:\\\/\\\/secure.gravatar.com\\\/avatar\\\/148f254835bad72a5e34fb2e88fd867e0462b5d2a298d42fc7b1ba157f1c2c1d?s=96&d=mm&r=g\",\"contentUrl\":\"https:\\\/\\\/secure.gravatar.com\\\/avatar\\\/148f254835bad72a5e34fb2e88fd867e0462b5d2a298d42fc7b1ba157f1c2c1d?s=96&d=mm&r=g\",\"caption\":\"Christian\"},\"logo\":{\"@id\":\"https:\\\/\\\/secure.gravatar.com\\\/avatar\\\/148f254835bad72a5e34fb2e88fd867e0462b5d2a298d42fc7b1ba157f1c2c1d?s=96&d=mm&r=g\"},\"sameAs\":[\"https:\\\/\\\/www.oldtimer-nrw.net\"]}]}<\/script>\n<!-- \/ Yoast SEO plugin. -->","yoast_head_json":{"title":"Fahrzeugvorstellung: Karl-Heinz Renault R4, Bj. 1982 - https:\/\/oldtimer-nrw.net","description":"Fahrzeugvorstellung: Karl-Heinz Renault R4, Bj. 1982 - https:\/\/oldtimer-nrw.net - Oldtimer - Youngtimer - Motorsport - Tuning","robots":{"index":"index","follow":"follow","max-snippet":"max-snippet:-1","max-image-preview":"max-image-preview:large","max-video-preview":"max-video-preview:-1"},"canonical":"https:\/\/www.oldtimer-nrw.net\/wordpress\/fahrzeugvorstellung-karl-heinz-renault-r4-bj-1982\/","og_locale":"de_DE","og_type":"article","og_title":"Fahrzeugvorstellung: Karl-Heinz Renault R4, Bj. 1982 - https:\/\/oldtimer-nrw.net","og_description":"Fahrzeugvorstellung: Karl-Heinz Renault R4, Bj. 1982 - https:\/\/oldtimer-nrw.net - Oldtimer - Youngtimer - Motorsport - Tuning","og_url":"https:\/\/www.oldtimer-nrw.net\/wordpress\/fahrzeugvorstellung-karl-heinz-renault-r4-bj-1982\/","og_site_name":"https:\/\/oldtimer-nrw.net","article_published_time":"2021-03-12T20:00:49+00:00","article_modified_time":"2021-09-06T20:06:27+00:00","og_image":[{"width":1024,"height":576,"url":"https:\/\/www.oldtimer-nrw.net\/wordpress\/wp-content\/uploads\/2020\/09\/KarlHeinzRenaultR420_Start.jpg","type":"image\/jpeg"}],"author":"Christian","twitter_card":"summary_large_image","twitter_misc":{"Verfasst von":"Christian","Gesch\u00e4tzte Lesezeit":"2\u00a0Minuten"},"schema":{"@context":"https:\/\/schema.org","@graph":[{"@type":"Article","@id":"https:\/\/www.oldtimer-nrw.net\/wordpress\/fahrzeugvorstellung-karl-heinz-renault-r4-bj-1982\/#article","isPartOf":{"@id":"https:\/\/www.oldtimer-nrw.net\/wordpress\/fahrzeugvorstellung-karl-heinz-renault-r4-bj-1982\/"},"author":{"name":"Christian","@id":"https:\/\/www.oldtimer-nrw.net\/wordpress\/#\/schema\/person\/fb50b11b23e3a6c83a4fd898edc917d2"},"headline":"Fahrzeugvorstellung: Karl-Heinz Renault R4, Bj. 1982","datePublished":"2021-03-12T20:00:49+00:00","dateModified":"2021-09-06T20:06:27+00:00","mainEntityOfPage":{"@id":"https:\/\/www.oldtimer-nrw.net\/wordpress\/fahrzeugvorstellung-karl-heinz-renault-r4-bj-1982\/"},"wordCount":444,"commentCount":2,"publisher":{"@id":"https:\/\/www.oldtimer-nrw.net\/wordpress\/#\/schema\/person\/fb50b11b23e3a6c83a4fd898edc917d2"},"image":{"@id":"https:\/\/www.oldtimer-nrw.net\/wordpress\/fahrzeugvorstellung-karl-heinz-renault-r4-bj-1982\/#primaryimage"},"thumbnailUrl":"https:\/\/www.oldtimer-nrw.net\/wordpress\/wp-content\/uploads\/2020\/09\/KarlHeinzRenaultR420_Start.jpg","keywords":["2020","Fahrzeugvorstellung","Foto-Shootings","Youngtimer"],"articleSection":["Fahrzeugvorstellungen"],"inLanguage":"de","potentialAction":[{"@type":"CommentAction","name":"Comment","target":["https:\/\/www.oldtimer-nrw.net\/wordpress\/fahrzeugvorstellung-karl-heinz-renault-r4-bj-1982\/#respond"]}]},{"@type":"WebPage","@id":"https:\/\/www.oldtimer-nrw.net\/wordpress\/fahrzeugvorstellung-karl-heinz-renault-r4-bj-1982\/","url":"https:\/\/www.oldtimer-nrw.net\/wordpress\/fahrzeugvorstellung-karl-heinz-renault-r4-bj-1982\/","name":"Fahrzeugvorstellung: Karl-Heinz Renault R4, Bj. 1982 - https:\/\/oldtimer-nrw.net","isPartOf":{"@id":"https:\/\/www.oldtimer-nrw.net\/wordpress\/#website"},"primaryImageOfPage":{"@id":"https:\/\/www.oldtimer-nrw.net\/wordpress\/fahrzeugvorstellung-karl-heinz-renault-r4-bj-1982\/#primaryimage"},"image":{"@id":"https:\/\/www.oldtimer-nrw.net\/wordpress\/fahrzeugvorstellung-karl-heinz-renault-r4-bj-1982\/#primaryimage"},"thumbnailUrl":"https:\/\/www.oldtimer-nrw.net\/wordpress\/wp-content\/uploads\/2020\/09\/KarlHeinzRenaultR420_Start.jpg","datePublished":"2021-03-12T20:00:49+00:00","dateModified":"2021-09-06T20:06:27+00:00","description":"Fahrzeugvorstellung: Karl-Heinz Renault R4, Bj. 1982 - https:\/\/oldtimer-nrw.net - Oldtimer - Youngtimer - Motorsport - Tuning","breadcrumb":{"@id":"https:\/\/www.oldtimer-nrw.net\/wordpress\/fahrzeugvorstellung-karl-heinz-renault-r4-bj-1982\/#breadcrumb"},"inLanguage":"de","potentialAction":[{"@type":"ReadAction","target":["https:\/\/www.oldtimer-nrw.net\/wordpress\/fahrzeugvorstellung-karl-heinz-renault-r4-bj-1982\/"]}]},{"@type":"ImageObject","inLanguage":"de","@id":"https:\/\/www.oldtimer-nrw.net\/wordpress\/fahrzeugvorstellung-karl-heinz-renault-r4-bj-1982\/#primaryimage","url":"https:\/\/www.oldtimer-nrw.net\/wordpress\/wp-content\/uploads\/2020\/09\/KarlHeinzRenaultR420_Start.jpg","contentUrl":"https:\/\/www.oldtimer-nrw.net\/wordpress\/wp-content\/uploads\/2020\/09\/KarlHeinzRenaultR420_Start.jpg","width":1024,"height":576},{"@type":"BreadcrumbList","@id":"https:\/\/www.oldtimer-nrw.net\/wordpress\/fahrzeugvorstellung-karl-heinz-renault-r4-bj-1982\/#breadcrumb","itemListElement":[{"@type":"ListItem","position":1,"name":"Startseite","item":"https:\/\/www.oldtimer-nrw.net\/wordpress\/"},{"@type":"ListItem","position":2,"name":"Fahrzeugvorstellung: Karl-Heinz Renault R4, Bj. 1982"}]},{"@type":"WebSite","@id":"https:\/\/www.oldtimer-nrw.net\/wordpress\/#website","url":"https:\/\/www.oldtimer-nrw.net\/wordpress\/","name":"https:\/\/oldtimer-nrw.net","description":"Oldtimer * Youngtimer * Motorsport * Tuning","publisher":{"@id":"https:\/\/www.oldtimer-nrw.net\/wordpress\/#\/schema\/person\/fb50b11b23e3a6c83a4fd898edc917d2"},"potentialAction":[{"@type":"SearchAction","target":{"@type":"EntryPoint","urlTemplate":"https:\/\/www.oldtimer-nrw.net\/wordpress\/?s={search_term_string}"},"query-input":{"@type":"PropertyValueSpecification","valueRequired":true,"valueName":"search_term_string"}}],"inLanguage":"de"},{"@type":["Person","Organization"],"@id":"https:\/\/www.oldtimer-nrw.net\/wordpress\/#\/schema\/person\/fb50b11b23e3a6c83a4fd898edc917d2","name":"Christian","image":{"@type":"ImageObject","inLanguage":"de","@id":"https:\/\/secure.gravatar.com\/avatar\/148f254835bad72a5e34fb2e88fd867e0462b5d2a298d42fc7b1ba157f1c2c1d?s=96&d=mm&r=g","url":"https:\/\/secure.gravatar.com\/avatar\/148f254835bad72a5e34fb2e88fd867e0462b5d2a298d42fc7b1ba157f1c2c1d?s=96&d=mm&r=g","contentUrl":"https:\/\/secure.gravatar.com\/avatar\/148f254835bad72a5e34fb2e88fd867e0462b5d2a298d42fc7b1ba157f1c2c1d?s=96&d=mm&r=g","caption":"Christian"},"logo":{"@id":"https:\/\/secure.gravatar.com\/avatar\/148f254835bad72a5e34fb2e88fd867e0462b5d2a298d42fc7b1ba157f1c2c1d?s=96&d=mm&r=g"},"sameAs":["https:\/\/www.oldtimer-nrw.net"]}]}},"_links":{"self":[{"href":"https:\/\/www.oldtimer-nrw.net\/wordpress\/wp-json\/wp\/v2\/posts\/36430","targetHints":{"allow":["GET"]}}],"collection":[{"href":"https:\/\/www.oldtimer-nrw.net\/wordpress\/wp-json\/wp\/v2\/posts"}],"about":[{"href":"https:\/\/www.oldtimer-nrw.net\/wordpress\/wp-json\/wp\/v2\/types\/post"}],"author":[{"embeddable":true,"href":"https:\/\/www.oldtimer-nrw.net\/wordpress\/wp-json\/wp\/v2\/users\/1"}],"replies":[{"embeddable":true,"href":"https:\/\/www.oldtimer-nrw.net\/wordpress\/wp-json\/wp\/v2\/comments?post=36430"}],"version-history":[{"count":0,"href":"https:\/\/www.oldtimer-nrw.net\/wordpress\/wp-json\/wp\/v2\/posts\/36430\/revisions"}],"wp:featuredmedia":[{"embeddable":true,"href":"https:\/\/www.oldtimer-nrw.net\/wordpress\/wp-json\/wp\/v2\/media\/36431"}],"wp:attachment":[{"href":"https:\/\/www.oldtimer-nrw.net\/wordpress\/wp-json\/wp\/v2\/media?parent=36430"}],"wp:term":[{"taxonomy":"category","embeddable":true,"href":"https:\/\/www.oldtimer-nrw.net\/wordpress\/wp-json\/wp\/v2\/categories?post=36430"},{"taxonomy":"post_tag","embeddable":true,"href":"https:\/\/www.oldtimer-nrw.net\/wordpress\/wp-json\/wp\/v2\/tags?post=36430"}],"curies":[{"name":"wp","href":"https:\/\/api.w.org\/{rel}","templated":true}]}}