{"id":34216,"date":"2020-04-04T16:00:08","date_gmt":"2020-04-04T15:00:08","guid":{"rendered":"https:\/\/www.oldtimer-nrw.net\/wordpress\/?p=34216"},"modified":"2021-09-06T21:49:01","modified_gmt":"2021-09-06T20:49:01","slug":"alter-schwede-hans-1972er-volvo-142","status":"publish","type":"post","link":"https:\/\/www.oldtimer-nrw.net\/wordpress\/alter-schwede-hans-1972er-volvo-142\/","title":{"rendered":"Fahrzeugvorstellung: Alter Schwede &#8211; Hans` 1972er Volvo 142"},"content":{"rendered":"<p><a href=\"https:\/\/www.oldtimer-nrw.net\/wordpress\/wp-content\/uploads\/2020\/03\/HansVolvo142_20_Start.jpg\"><img loading=\"lazy\" decoding=\"async\" class=\"aligncenter size-full wp-image-34217\" src=\"https:\/\/www.oldtimer-nrw.net\/wordpress\/wp-content\/uploads\/2020\/03\/HansVolvo142_20_Start.jpg\" alt=\"\" width=\"1024\" height=\"576\" srcset=\"https:\/\/www.oldtimer-nrw.net\/wordpress\/wp-content\/uploads\/2020\/03\/HansVolvo142_20_Start.jpg 1024w, https:\/\/www.oldtimer-nrw.net\/wordpress\/wp-content\/uploads\/2020\/03\/HansVolvo142_20_Start-300x169.jpg 300w, https:\/\/www.oldtimer-nrw.net\/wordpress\/wp-content\/uploads\/2020\/03\/HansVolvo142_20_Start-768x432.jpg 768w, https:\/\/www.oldtimer-nrw.net\/wordpress\/wp-content\/uploads\/2020\/03\/HansVolvo142_20_Start-840x473.jpg 840w, https:\/\/www.oldtimer-nrw.net\/wordpress\/wp-content\/uploads\/2020\/03\/HansVolvo142_20_Start-600x338.jpg 600w, https:\/\/www.oldtimer-nrw.net\/wordpress\/wp-content\/uploads\/2020\/03\/HansVolvo142_20_Start-144x81.jpg 144w\" sizes=\"auto, (max-width: 1024px) 100vw, 1024px\" \/><\/a> Manchmal sind gerade Dinge so ungemein interessant, weil sie so herrlich anders sind! So verh\u00e4lt es sich wohl auch mit Hans Niemanns Volvo 142, der von einer familientauglichen Mittelklasselimousine zu einem durchaus konkurrenzf\u00e4higen Rallye-Auto mutierte.<\/p>\n<p><!--more--><\/p>\n<p>Der alte Schwede geh\u00f6rt zur eher fr\u00fchen Serie dieser Baureihe und ist von 1972 bis ins Jahr 2002 in Nordschweden angemeldet gewesen. Danach verbrachte der Wagen zehn lange Jahre unbeachtet in einer Scheune bis er 2012 dann nach Deutschland in den Breisgau verkauft wurde. 2018 wechselte er dann in die Obhut seines jetzigen Besitzers.<\/p>\n<p>Kaum angekommen ging es direkt und ohne Umschweife mit der Wartung und Instandsetzung los. Innen wie au\u00dfen wurde reichlich Rost entfernt, stellenweise nachlackiert, der Unterbodenschutz erneuert, die Sitze instand gesetzt und die Polster gereinigt. Auch der ganze Teppichboden kam dabei heraus und wurde ebenfalls gereinigt. Als dies endlich erledigt war, kam der B20 Motor ran.<\/p>\n<p>Er bekam eine komplette Wartung mit Wechsel des Getriebe- und Differenzial\u00f6ls. Aber auch an die Sicherheit wurde gedacht: die komplette Bremsanlage wurde aufgearbeitet und mit neuen Scheiben und Bremss\u00e4tteln versehen. Wer sportlich unterwegs ist, will auch ordentlich gebremst werden!<\/p>\n<p>Da Hans von 1975 bis 1990 nationale und internationale Rallyes gefahren ist, allerdings auf Opel, sollte auch das Fahrwerk auf ein Derivat der Firma Bilstein umger\u00fcstet werden. Die Motor- und Getriebeaufh\u00e4ngung wurde dabei auf h\u00e4rtere Gummipuffer umgebaut. Bei der ersten Probefahrt stellte sich jedoch heraus, dass die Kardanwelle ausgeschlagen war, also mussten auch die Kreuzgelenke neu. Damit waren die wichtigsten Arbeiten im Juli 2018 erledigt und mann konnte endlich fahren.<\/p>\n<p>Es folgten die ersten Veranstaltungsbesuche und auch 3 Classics wurden von den Dreien angefahren. Leider tauchten gegen Ende 2018 doch noch ein paar Probleme auf. Diesesmal wollte der Motor nicht mehr so recht, dies \u00e4usserte sich durch einen hohen \u00d6elverbrauch und immensen Leistungsverlust. Also kam der Motor nochmal raus, Block und Zylinderkopf wurden \u00fcberholt und bei der Gelegenheit die Standardnockenwelle durch eine C-Nockenwelle aus der Sportausf\u00fchrung ersetzt.<\/p>\n<p>Dazu wurden zus\u00e4tzlich die Einla\u00df- und Ausla\u00dfkan\u00e4le vergr\u00f6ssert.\u00a0 Um der gesteigerten Leistung Rechnung zu tragen gab es im Januar 2019 noch einen \u00d6lk\u00fchler und einen elektrischen L\u00fcfter. So wurden aus 90 mal eben 115 PS. Jetzt konnte die Saison endlich beginnen!<\/p>\n<p><a href=\"https:\/\/www.oldtimer-nrw.net\/wordpress\/wp-content\/uploads\/2020\/03\/HansVolvo142_20_001.jpg\"><img loading=\"lazy\" decoding=\"async\" class=\"aligncenter size-full wp-image-34218\" src=\"https:\/\/www.oldtimer-nrw.net\/wordpress\/wp-content\/uploads\/2020\/03\/HansVolvo142_20_001.jpg\" alt=\"\" width=\"1024\" height=\"683\" srcset=\"https:\/\/www.oldtimer-nrw.net\/wordpress\/wp-content\/uploads\/2020\/03\/HansVolvo142_20_001.jpg 1024w, https:\/\/www.oldtimer-nrw.net\/wordpress\/wp-content\/uploads\/2020\/03\/HansVolvo142_20_001-300x200.jpg 300w, https:\/\/www.oldtimer-nrw.net\/wordpress\/wp-content\/uploads\/2020\/03\/HansVolvo142_20_001-768x512.jpg 768w, https:\/\/www.oldtimer-nrw.net\/wordpress\/wp-content\/uploads\/2020\/03\/HansVolvo142_20_001-450x300.jpg 450w\" sizes=\"auto, (max-width: 1024px) 100vw, 1024px\" \/><\/a><span style=\"text-decoration: underline;\"><strong>Front:<\/strong><\/span> Die in Schweden nicht un\u00fcblichen, gro\u00dfen Fernscheinwerfer unterstreichen den Rallye-Look.<\/p>\n<p><a href=\"https:\/\/www.oldtimer-nrw.net\/wordpress\/wp-content\/uploads\/2020\/03\/HansVolvo142_20_002.jpg\"><img loading=\"lazy\" decoding=\"async\" class=\"aligncenter size-full wp-image-34219\" src=\"https:\/\/www.oldtimer-nrw.net\/wordpress\/wp-content\/uploads\/2020\/03\/HansVolvo142_20_002.jpg\" alt=\"\" width=\"1024\" height=\"683\" srcset=\"https:\/\/www.oldtimer-nrw.net\/wordpress\/wp-content\/uploads\/2020\/03\/HansVolvo142_20_002.jpg 1024w, https:\/\/www.oldtimer-nrw.net\/wordpress\/wp-content\/uploads\/2020\/03\/HansVolvo142_20_002-300x200.jpg 300w, https:\/\/www.oldtimer-nrw.net\/wordpress\/wp-content\/uploads\/2020\/03\/HansVolvo142_20_002-768x512.jpg 768w, https:\/\/www.oldtimer-nrw.net\/wordpress\/wp-content\/uploads\/2020\/03\/HansVolvo142_20_002-450x300.jpg 450w\" sizes=\"auto, (max-width: 1024px) 100vw, 1024px\" \/><\/a><span style=\"text-decoration: underline;\"><strong>Motor:<\/strong><\/span> Leistungsgesteigerter B20 Motor mit scharfer Nockenwelle und ca. 115 PS.<\/p>\n<p><a href=\"https:\/\/www.oldtimer-nrw.net\/wordpress\/wp-content\/uploads\/2020\/03\/HansVolvo142_20_003.jpg\"><img loading=\"lazy\" decoding=\"async\" class=\"aligncenter size-full wp-image-34220\" src=\"https:\/\/www.oldtimer-nrw.net\/wordpress\/wp-content\/uploads\/2020\/03\/HansVolvo142_20_003.jpg\" alt=\"\" width=\"1024\" height=\"683\" srcset=\"https:\/\/www.oldtimer-nrw.net\/wordpress\/wp-content\/uploads\/2020\/03\/HansVolvo142_20_003.jpg 1024w, https:\/\/www.oldtimer-nrw.net\/wordpress\/wp-content\/uploads\/2020\/03\/HansVolvo142_20_003-300x200.jpg 300w, https:\/\/www.oldtimer-nrw.net\/wordpress\/wp-content\/uploads\/2020\/03\/HansVolvo142_20_003-768x512.jpg 768w, https:\/\/www.oldtimer-nrw.net\/wordpress\/wp-content\/uploads\/2020\/03\/HansVolvo142_20_003-450x300.jpg 450w\" sizes=\"auto, (max-width: 1024px) 100vw, 1024px\" \/><\/a>Nach dem rundlichen Vorg\u00e4nger &#8222;120&#8220; war die Form des &#8222;140ers&#8220; deutlich kantiger und moderner.<\/p>\n<p><a href=\"https:\/\/www.oldtimer-nrw.net\/wordpress\/wp-content\/uploads\/2020\/03\/HansVolvo142_20_004.jpg\"><img loading=\"lazy\" decoding=\"async\" class=\"aligncenter size-full wp-image-34221\" src=\"https:\/\/www.oldtimer-nrw.net\/wordpress\/wp-content\/uploads\/2020\/03\/HansVolvo142_20_004.jpg\" alt=\"\" width=\"1024\" height=\"683\" srcset=\"https:\/\/www.oldtimer-nrw.net\/wordpress\/wp-content\/uploads\/2020\/03\/HansVolvo142_20_004.jpg 1024w, https:\/\/www.oldtimer-nrw.net\/wordpress\/wp-content\/uploads\/2020\/03\/HansVolvo142_20_004-300x200.jpg 300w, https:\/\/www.oldtimer-nrw.net\/wordpress\/wp-content\/uploads\/2020\/03\/HansVolvo142_20_004-768x512.jpg 768w, https:\/\/www.oldtimer-nrw.net\/wordpress\/wp-content\/uploads\/2020\/03\/HansVolvo142_20_004-450x300.jpg 450w\" sizes=\"auto, (max-width: 1024px) 100vw, 1024px\" \/><\/a>Anhand des Grills und der Blinker erkennt man die fr\u00fchen Modelljahre.<\/p>\n<p><a href=\"https:\/\/www.oldtimer-nrw.net\/wordpress\/wp-content\/uploads\/2020\/03\/HansVolvo142_20_005.jpg\"><img loading=\"lazy\" decoding=\"async\" class=\"aligncenter size-full wp-image-34222\" src=\"https:\/\/www.oldtimer-nrw.net\/wordpress\/wp-content\/uploads\/2020\/03\/HansVolvo142_20_005.jpg\" alt=\"\" width=\"1024\" height=\"683\" srcset=\"https:\/\/www.oldtimer-nrw.net\/wordpress\/wp-content\/uploads\/2020\/03\/HansVolvo142_20_005.jpg 1024w, https:\/\/www.oldtimer-nrw.net\/wordpress\/wp-content\/uploads\/2020\/03\/HansVolvo142_20_005-300x200.jpg 300w, https:\/\/www.oldtimer-nrw.net\/wordpress\/wp-content\/uploads\/2020\/03\/HansVolvo142_20_005-768x512.jpg 768w, https:\/\/www.oldtimer-nrw.net\/wordpress\/wp-content\/uploads\/2020\/03\/HansVolvo142_20_005-450x300.jpg 450w\" sizes=\"auto, (max-width: 1024px) 100vw, 1024px\" \/><\/a><span style=\"text-decoration: underline;\"><strong>R\u00e4der &amp; Reifen:<\/strong><\/span> ein Bilstein-Fahrwerk mit 195\/65 R15 Bereifung auf 5,5 x 15 Zoll Volvo-Alufelgen sorgen f\u00fcr eine standesgem\u00e4\u00dfe Strassenlage.<\/p>\n<p><a href=\"https:\/\/www.oldtimer-nrw.net\/wordpress\/wp-content\/uploads\/2020\/03\/HansVolvo142_20_006.jpg\"><img loading=\"lazy\" decoding=\"async\" class=\"aligncenter size-full wp-image-34223\" src=\"https:\/\/www.oldtimer-nrw.net\/wordpress\/wp-content\/uploads\/2020\/03\/HansVolvo142_20_006.jpg\" alt=\"\" width=\"1024\" height=\"683\" srcset=\"https:\/\/www.oldtimer-nrw.net\/wordpress\/wp-content\/uploads\/2020\/03\/HansVolvo142_20_006.jpg 1024w, https:\/\/www.oldtimer-nrw.net\/wordpress\/wp-content\/uploads\/2020\/03\/HansVolvo142_20_006-300x200.jpg 300w, https:\/\/www.oldtimer-nrw.net\/wordpress\/wp-content\/uploads\/2020\/03\/HansVolvo142_20_006-768x512.jpg 768w, https:\/\/www.oldtimer-nrw.net\/wordpress\/wp-content\/uploads\/2020\/03\/HansVolvo142_20_006-450x300.jpg 450w\" sizes=\"auto, (max-width: 1024px) 100vw, 1024px\" \/><\/a><span style=\"text-decoration: underline;\"><strong>Innenraum:<\/strong><\/span> Sportlenkrad, \u00dcberrollb\u00fcgel, Zusatzinstrumente, Sportsitze mit Hosentr\u00e4gergurten, im Innenraum findet sich viel sportliches Zubeh\u00f6r.<\/p>\n<p><a href=\"https:\/\/www.oldtimer-nrw.net\/wordpress\/wp-content\/uploads\/2020\/03\/HansVolvo142_20_007.jpg\"><img loading=\"lazy\" decoding=\"async\" class=\"aligncenter size-full wp-image-34224\" src=\"https:\/\/www.oldtimer-nrw.net\/wordpress\/wp-content\/uploads\/2020\/03\/HansVolvo142_20_007.jpg\" alt=\"\" width=\"1024\" height=\"683\" srcset=\"https:\/\/www.oldtimer-nrw.net\/wordpress\/wp-content\/uploads\/2020\/03\/HansVolvo142_20_007.jpg 1024w, https:\/\/www.oldtimer-nrw.net\/wordpress\/wp-content\/uploads\/2020\/03\/HansVolvo142_20_007-300x200.jpg 300w, https:\/\/www.oldtimer-nrw.net\/wordpress\/wp-content\/uploads\/2020\/03\/HansVolvo142_20_007-768x512.jpg 768w, https:\/\/www.oldtimer-nrw.net\/wordpress\/wp-content\/uploads\/2020\/03\/HansVolvo142_20_007-450x300.jpg 450w\" sizes=\"auto, (max-width: 1024px) 100vw, 1024px\" \/><\/a><span style=\"text-decoration: underline;\"><strong>Heck:<\/strong><\/span> gro\u00dfe Schmutzlappen zeugen von sportlicher Optik und der fr\u00fcheren Rallye-Leidenschaft des Besitzers.<\/p>\n<p><a href=\"https:\/\/www.oldtimer-nrw.net\/wordpress\/wp-content\/uploads\/2020\/03\/HansVolvo142_20_008.jpg\"><img loading=\"lazy\" decoding=\"async\" class=\"aligncenter size-full wp-image-34225\" src=\"https:\/\/www.oldtimer-nrw.net\/wordpress\/wp-content\/uploads\/2020\/03\/HansVolvo142_20_008.jpg\" alt=\"\" width=\"1024\" height=\"683\" srcset=\"https:\/\/www.oldtimer-nrw.net\/wordpress\/wp-content\/uploads\/2020\/03\/HansVolvo142_20_008.jpg 1024w, https:\/\/www.oldtimer-nrw.net\/wordpress\/wp-content\/uploads\/2020\/03\/HansVolvo142_20_008-300x200.jpg 300w, https:\/\/www.oldtimer-nrw.net\/wordpress\/wp-content\/uploads\/2020\/03\/HansVolvo142_20_008-768x512.jpg 768w, https:\/\/www.oldtimer-nrw.net\/wordpress\/wp-content\/uploads\/2020\/03\/HansVolvo142_20_008-450x300.jpg 450w\" sizes=\"auto, (max-width: 1024px) 100vw, 1024px\" \/><\/a>Hans und seine Frau nehmen mit ihren sportlichen Volvo gerne an Oldtimerrallyes teil, h\u00e4ufig mit \u00fcberragenden Erfolg. F\u00fcr dieses Jahr war auch die Teilnahme an drei Classics mit seinem ehemalige Rallye-Co aus den 80ern geplant, leider steht dies aus gegebenen Gr\u00fcnden noch in den Sternen. Aber aufgeschoben ist nicht aufgehoben!<\/p>\n<p>Kontaktaufnahme \u00fcber: <a href=\"mailto:Hans_Niemann@t-online.de\">Hans_Niemann@t-online.de<\/a><\/p>\n<p><span style=\"text-decoration: underline;\">Weiterf\u00fchrende Links zum Thema findet Ihr hier:<\/span><br \/>\n<a href=\"https:\/\/www.oldtimer-nrw.net\/wordpress\/fahrzeugvorstellung-stefans-66er-volvo-amazon-s\/\" target=\"_blank\" rel=\"noopener noreferrer\">Stefans `66er Volvo Amazon S<\/a><\/p>\n<p>&#8212;<\/p>\n","protected":false},"excerpt":{"rendered":"<p>Manchmal sind gerade Dinge so ungemein interessant, weil sie so herrlich anders sind! So verh\u00e4lt es sich wohl auch mit Hans Niemanns Volvo 142, der von einer familientauglichen Mittelklasselimousine zu einem durchaus konkurrenzf\u00e4higen Rallye-Auto mutierte.<\/p>\n","protected":false},"author":1,"featured_media":34217,"comment_status":"open","ping_status":"open","sticky":false,"template":"","format":"standard","meta":{"footnotes":""},"categories":[117],"tags":[119,99,16,58,5,31,70],"class_list":["post-34216","post","type-post","status-publish","format-standard","has-post-thumbnail","hentry","category-fahrzeugvorstellung","tag-119","tag-fahrzeugvorstellung","tag-foto-shootings","tag-motorsport","tag-oldtimer","tag-tuning","tag-youngtimer"],"yoast_head":"<!-- This site is optimized with the Yoast SEO plugin v27.5 - https:\/\/yoast.com\/product\/yoast-seo-wordpress\/ -->\n<title>Fahrzeugvorstellung: Alter Schwede - Hans` 1972er Volvo 142 - https:\/\/oldtimer-nrw.net<\/title>\n<meta name=\"description\" content=\"Fahrzeugvorstellung: Alter Schwede - Hans` 1972er Volvo 142 - https:\/\/oldtimer-nrw.net - Oldtimer - Youngtimer - Motorsport - Tuning\" \/>\n<meta name=\"robots\" content=\"index, follow, max-snippet:-1, max-image-preview:large, max-video-preview:-1\" \/>\n<link rel=\"canonical\" href=\"https:\/\/www.oldtimer-nrw.net\/wordpress\/alter-schwede-hans-1972er-volvo-142\/\" \/>\n<meta property=\"og:locale\" content=\"de_DE\" \/>\n<meta property=\"og:type\" content=\"article\" \/>\n<meta property=\"og:title\" content=\"Fahrzeugvorstellung: Alter Schwede - Hans` 1972er Volvo 142 - https:\/\/oldtimer-nrw.net\" \/>\n<meta property=\"og:description\" content=\"Fahrzeugvorstellung: Alter Schwede - Hans` 1972er Volvo 142 - https:\/\/oldtimer-nrw.net - Oldtimer - Youngtimer - Motorsport - Tuning\" \/>\n<meta property=\"og:url\" content=\"https:\/\/www.oldtimer-nrw.net\/wordpress\/alter-schwede-hans-1972er-volvo-142\/\" \/>\n<meta property=\"og:site_name\" content=\"https:\/\/oldtimer-nrw.net\" \/>\n<meta property=\"article:published_time\" content=\"2020-04-04T15:00:08+00:00\" \/>\n<meta property=\"article:modified_time\" content=\"2021-09-06T20:49:01+00:00\" \/>\n<meta property=\"og:image\" content=\"https:\/\/www.oldtimer-nrw.net\/wordpress\/wp-content\/uploads\/2020\/03\/HansVolvo142_20_Start.jpg\" \/>\n\t<meta property=\"og:image:width\" content=\"1024\" \/>\n\t<meta property=\"og:image:height\" content=\"576\" \/>\n\t<meta property=\"og:image:type\" content=\"image\/jpeg\" \/>\n<meta name=\"author\" content=\"Christian\" \/>\n<meta name=\"twitter:card\" content=\"summary_large_image\" \/>\n<meta name=\"twitter:label1\" content=\"Verfasst von\" \/>\n\t<meta name=\"twitter:data1\" content=\"Christian\" \/>\n\t<meta name=\"twitter:label2\" content=\"Gesch\u00e4tzte Lesezeit\" \/>\n\t<meta name=\"twitter:data2\" content=\"3\u00a0Minuten\" \/>\n<script type=\"application\/ld+json\" class=\"yoast-schema-graph\">{\"@context\":\"https:\\\/\\\/schema.org\",\"@graph\":[{\"@type\":\"Article\",\"@id\":\"https:\\\/\\\/www.oldtimer-nrw.net\\\/wordpress\\\/alter-schwede-hans-1972er-volvo-142\\\/#article\",\"isPartOf\":{\"@id\":\"https:\\\/\\\/www.oldtimer-nrw.net\\\/wordpress\\\/alter-schwede-hans-1972er-volvo-142\\\/\"},\"author\":{\"name\":\"Christian\",\"@id\":\"https:\\\/\\\/www.oldtimer-nrw.net\\\/wordpress\\\/#\\\/schema\\\/person\\\/fb50b11b23e3a6c83a4fd898edc917d2\"},\"headline\":\"Fahrzeugvorstellung: Alter Schwede &#8211; Hans` 1972er Volvo 142\",\"datePublished\":\"2020-04-04T15:00:08+00:00\",\"dateModified\":\"2021-09-06T20:49:01+00:00\",\"mainEntityOfPage\":{\"@id\":\"https:\\\/\\\/www.oldtimer-nrw.net\\\/wordpress\\\/alter-schwede-hans-1972er-volvo-142\\\/\"},\"wordCount\":547,\"commentCount\":0,\"publisher\":{\"@id\":\"https:\\\/\\\/www.oldtimer-nrw.net\\\/wordpress\\\/#\\\/schema\\\/person\\\/fb50b11b23e3a6c83a4fd898edc917d2\"},\"image\":{\"@id\":\"https:\\\/\\\/www.oldtimer-nrw.net\\\/wordpress\\\/alter-schwede-hans-1972er-volvo-142\\\/#primaryimage\"},\"thumbnailUrl\":\"https:\\\/\\\/www.oldtimer-nrw.net\\\/wordpress\\\/wp-content\\\/uploads\\\/2020\\\/03\\\/HansVolvo142_20_Start.jpg\",\"keywords\":[\"2020\",\"Fahrzeugvorstellung\",\"Foto-Shootings\",\"Motorsport\",\"Oldtimer\",\"Tuning\",\"Youngtimer\"],\"articleSection\":[\"Fahrzeugvorstellungen\"],\"inLanguage\":\"de\",\"potentialAction\":[{\"@type\":\"CommentAction\",\"name\":\"Comment\",\"target\":[\"https:\\\/\\\/www.oldtimer-nrw.net\\\/wordpress\\\/alter-schwede-hans-1972er-volvo-142\\\/#respond\"]}]},{\"@type\":\"WebPage\",\"@id\":\"https:\\\/\\\/www.oldtimer-nrw.net\\\/wordpress\\\/alter-schwede-hans-1972er-volvo-142\\\/\",\"url\":\"https:\\\/\\\/www.oldtimer-nrw.net\\\/wordpress\\\/alter-schwede-hans-1972er-volvo-142\\\/\",\"name\":\"Fahrzeugvorstellung: Alter Schwede - Hans` 1972er Volvo 142 - https:\\\/\\\/oldtimer-nrw.net\",\"isPartOf\":{\"@id\":\"https:\\\/\\\/www.oldtimer-nrw.net\\\/wordpress\\\/#website\"},\"primaryImageOfPage\":{\"@id\":\"https:\\\/\\\/www.oldtimer-nrw.net\\\/wordpress\\\/alter-schwede-hans-1972er-volvo-142\\\/#primaryimage\"},\"image\":{\"@id\":\"https:\\\/\\\/www.oldtimer-nrw.net\\\/wordpress\\\/alter-schwede-hans-1972er-volvo-142\\\/#primaryimage\"},\"thumbnailUrl\":\"https:\\\/\\\/www.oldtimer-nrw.net\\\/wordpress\\\/wp-content\\\/uploads\\\/2020\\\/03\\\/HansVolvo142_20_Start.jpg\",\"datePublished\":\"2020-04-04T15:00:08+00:00\",\"dateModified\":\"2021-09-06T20:49:01+00:00\",\"description\":\"Fahrzeugvorstellung: Alter Schwede - Hans` 1972er Volvo 142 - https:\\\/\\\/oldtimer-nrw.net - Oldtimer - Youngtimer - Motorsport - Tuning\",\"breadcrumb\":{\"@id\":\"https:\\\/\\\/www.oldtimer-nrw.net\\\/wordpress\\\/alter-schwede-hans-1972er-volvo-142\\\/#breadcrumb\"},\"inLanguage\":\"de\",\"potentialAction\":[{\"@type\":\"ReadAction\",\"target\":[\"https:\\\/\\\/www.oldtimer-nrw.net\\\/wordpress\\\/alter-schwede-hans-1972er-volvo-142\\\/\"]}]},{\"@type\":\"ImageObject\",\"inLanguage\":\"de\",\"@id\":\"https:\\\/\\\/www.oldtimer-nrw.net\\\/wordpress\\\/alter-schwede-hans-1972er-volvo-142\\\/#primaryimage\",\"url\":\"https:\\\/\\\/www.oldtimer-nrw.net\\\/wordpress\\\/wp-content\\\/uploads\\\/2020\\\/03\\\/HansVolvo142_20_Start.jpg\",\"contentUrl\":\"https:\\\/\\\/www.oldtimer-nrw.net\\\/wordpress\\\/wp-content\\\/uploads\\\/2020\\\/03\\\/HansVolvo142_20_Start.jpg\",\"width\":1024,\"height\":576},{\"@type\":\"BreadcrumbList\",\"@id\":\"https:\\\/\\\/www.oldtimer-nrw.net\\\/wordpress\\\/alter-schwede-hans-1972er-volvo-142\\\/#breadcrumb\",\"itemListElement\":[{\"@type\":\"ListItem\",\"position\":1,\"name\":\"Startseite\",\"item\":\"https:\\\/\\\/www.oldtimer-nrw.net\\\/wordpress\\\/\"},{\"@type\":\"ListItem\",\"position\":2,\"name\":\"Fahrzeugvorstellung: Alter Schwede &#8211; Hans` 1972er Volvo 142\"}]},{\"@type\":\"WebSite\",\"@id\":\"https:\\\/\\\/www.oldtimer-nrw.net\\\/wordpress\\\/#website\",\"url\":\"https:\\\/\\\/www.oldtimer-nrw.net\\\/wordpress\\\/\",\"name\":\"https:\\\/\\\/oldtimer-nrw.net\",\"description\":\"Oldtimer * Youngtimer * Motorsport * Tuning\",\"publisher\":{\"@id\":\"https:\\\/\\\/www.oldtimer-nrw.net\\\/wordpress\\\/#\\\/schema\\\/person\\\/fb50b11b23e3a6c83a4fd898edc917d2\"},\"potentialAction\":[{\"@type\":\"SearchAction\",\"target\":{\"@type\":\"EntryPoint\",\"urlTemplate\":\"https:\\\/\\\/www.oldtimer-nrw.net\\\/wordpress\\\/?s={search_term_string}\"},\"query-input\":{\"@type\":\"PropertyValueSpecification\",\"valueRequired\":true,\"valueName\":\"search_term_string\"}}],\"inLanguage\":\"de\"},{\"@type\":[\"Person\",\"Organization\"],\"@id\":\"https:\\\/\\\/www.oldtimer-nrw.net\\\/wordpress\\\/#\\\/schema\\\/person\\\/fb50b11b23e3a6c83a4fd898edc917d2\",\"name\":\"Christian\",\"image\":{\"@type\":\"ImageObject\",\"inLanguage\":\"de\",\"@id\":\"https:\\\/\\\/secure.gravatar.com\\\/avatar\\\/148f254835bad72a5e34fb2e88fd867e0462b5d2a298d42fc7b1ba157f1c2c1d?s=96&d=mm&r=g\",\"url\":\"https:\\\/\\\/secure.gravatar.com\\\/avatar\\\/148f254835bad72a5e34fb2e88fd867e0462b5d2a298d42fc7b1ba157f1c2c1d?s=96&d=mm&r=g\",\"contentUrl\":\"https:\\\/\\\/secure.gravatar.com\\\/avatar\\\/148f254835bad72a5e34fb2e88fd867e0462b5d2a298d42fc7b1ba157f1c2c1d?s=96&d=mm&r=g\",\"caption\":\"Christian\"},\"logo\":{\"@id\":\"https:\\\/\\\/secure.gravatar.com\\\/avatar\\\/148f254835bad72a5e34fb2e88fd867e0462b5d2a298d42fc7b1ba157f1c2c1d?s=96&d=mm&r=g\"},\"sameAs\":[\"https:\\\/\\\/www.oldtimer-nrw.net\"]}]}<\/script>\n<!-- \/ Yoast SEO plugin. -->","yoast_head_json":{"title":"Fahrzeugvorstellung: Alter Schwede - Hans` 1972er Volvo 142 - https:\/\/oldtimer-nrw.net","description":"Fahrzeugvorstellung: Alter Schwede - Hans` 1972er Volvo 142 - https:\/\/oldtimer-nrw.net - Oldtimer - Youngtimer - Motorsport - Tuning","robots":{"index":"index","follow":"follow","max-snippet":"max-snippet:-1","max-image-preview":"max-image-preview:large","max-video-preview":"max-video-preview:-1"},"canonical":"https:\/\/www.oldtimer-nrw.net\/wordpress\/alter-schwede-hans-1972er-volvo-142\/","og_locale":"de_DE","og_type":"article","og_title":"Fahrzeugvorstellung: Alter Schwede - Hans` 1972er Volvo 142 - https:\/\/oldtimer-nrw.net","og_description":"Fahrzeugvorstellung: Alter Schwede - Hans` 1972er Volvo 142 - https:\/\/oldtimer-nrw.net - Oldtimer - Youngtimer - Motorsport - Tuning","og_url":"https:\/\/www.oldtimer-nrw.net\/wordpress\/alter-schwede-hans-1972er-volvo-142\/","og_site_name":"https:\/\/oldtimer-nrw.net","article_published_time":"2020-04-04T15:00:08+00:00","article_modified_time":"2021-09-06T20:49:01+00:00","og_image":[{"width":1024,"height":576,"url":"https:\/\/www.oldtimer-nrw.net\/wordpress\/wp-content\/uploads\/2020\/03\/HansVolvo142_20_Start.jpg","type":"image\/jpeg"}],"author":"Christian","twitter_card":"summary_large_image","twitter_misc":{"Verfasst von":"Christian","Gesch\u00e4tzte Lesezeit":"3\u00a0Minuten"},"schema":{"@context":"https:\/\/schema.org","@graph":[{"@type":"Article","@id":"https:\/\/www.oldtimer-nrw.net\/wordpress\/alter-schwede-hans-1972er-volvo-142\/#article","isPartOf":{"@id":"https:\/\/www.oldtimer-nrw.net\/wordpress\/alter-schwede-hans-1972er-volvo-142\/"},"author":{"name":"Christian","@id":"https:\/\/www.oldtimer-nrw.net\/wordpress\/#\/schema\/person\/fb50b11b23e3a6c83a4fd898edc917d2"},"headline":"Fahrzeugvorstellung: Alter Schwede &#8211; Hans` 1972er Volvo 142","datePublished":"2020-04-04T15:00:08+00:00","dateModified":"2021-09-06T20:49:01+00:00","mainEntityOfPage":{"@id":"https:\/\/www.oldtimer-nrw.net\/wordpress\/alter-schwede-hans-1972er-volvo-142\/"},"wordCount":547,"commentCount":0,"publisher":{"@id":"https:\/\/www.oldtimer-nrw.net\/wordpress\/#\/schema\/person\/fb50b11b23e3a6c83a4fd898edc917d2"},"image":{"@id":"https:\/\/www.oldtimer-nrw.net\/wordpress\/alter-schwede-hans-1972er-volvo-142\/#primaryimage"},"thumbnailUrl":"https:\/\/www.oldtimer-nrw.net\/wordpress\/wp-content\/uploads\/2020\/03\/HansVolvo142_20_Start.jpg","keywords":["2020","Fahrzeugvorstellung","Foto-Shootings","Motorsport","Oldtimer","Tuning","Youngtimer"],"articleSection":["Fahrzeugvorstellungen"],"inLanguage":"de","potentialAction":[{"@type":"CommentAction","name":"Comment","target":["https:\/\/www.oldtimer-nrw.net\/wordpress\/alter-schwede-hans-1972er-volvo-142\/#respond"]}]},{"@type":"WebPage","@id":"https:\/\/www.oldtimer-nrw.net\/wordpress\/alter-schwede-hans-1972er-volvo-142\/","url":"https:\/\/www.oldtimer-nrw.net\/wordpress\/alter-schwede-hans-1972er-volvo-142\/","name":"Fahrzeugvorstellung: Alter Schwede - Hans` 1972er Volvo 142 - https:\/\/oldtimer-nrw.net","isPartOf":{"@id":"https:\/\/www.oldtimer-nrw.net\/wordpress\/#website"},"primaryImageOfPage":{"@id":"https:\/\/www.oldtimer-nrw.net\/wordpress\/alter-schwede-hans-1972er-volvo-142\/#primaryimage"},"image":{"@id":"https:\/\/www.oldtimer-nrw.net\/wordpress\/alter-schwede-hans-1972er-volvo-142\/#primaryimage"},"thumbnailUrl":"https:\/\/www.oldtimer-nrw.net\/wordpress\/wp-content\/uploads\/2020\/03\/HansVolvo142_20_Start.jpg","datePublished":"2020-04-04T15:00:08+00:00","dateModified":"2021-09-06T20:49:01+00:00","description":"Fahrzeugvorstellung: Alter Schwede - Hans` 1972er Volvo 142 - https:\/\/oldtimer-nrw.net - Oldtimer - Youngtimer - Motorsport - Tuning","breadcrumb":{"@id":"https:\/\/www.oldtimer-nrw.net\/wordpress\/alter-schwede-hans-1972er-volvo-142\/#breadcrumb"},"inLanguage":"de","potentialAction":[{"@type":"ReadAction","target":["https:\/\/www.oldtimer-nrw.net\/wordpress\/alter-schwede-hans-1972er-volvo-142\/"]}]},{"@type":"ImageObject","inLanguage":"de","@id":"https:\/\/www.oldtimer-nrw.net\/wordpress\/alter-schwede-hans-1972er-volvo-142\/#primaryimage","url":"https:\/\/www.oldtimer-nrw.net\/wordpress\/wp-content\/uploads\/2020\/03\/HansVolvo142_20_Start.jpg","contentUrl":"https:\/\/www.oldtimer-nrw.net\/wordpress\/wp-content\/uploads\/2020\/03\/HansVolvo142_20_Start.jpg","width":1024,"height":576},{"@type":"BreadcrumbList","@id":"https:\/\/www.oldtimer-nrw.net\/wordpress\/alter-schwede-hans-1972er-volvo-142\/#breadcrumb","itemListElement":[{"@type":"ListItem","position":1,"name":"Startseite","item":"https:\/\/www.oldtimer-nrw.net\/wordpress\/"},{"@type":"ListItem","position":2,"name":"Fahrzeugvorstellung: Alter Schwede &#8211; Hans` 1972er Volvo 142"}]},{"@type":"WebSite","@id":"https:\/\/www.oldtimer-nrw.net\/wordpress\/#website","url":"https:\/\/www.oldtimer-nrw.net\/wordpress\/","name":"https:\/\/oldtimer-nrw.net","description":"Oldtimer * Youngtimer * Motorsport * Tuning","publisher":{"@id":"https:\/\/www.oldtimer-nrw.net\/wordpress\/#\/schema\/person\/fb50b11b23e3a6c83a4fd898edc917d2"},"potentialAction":[{"@type":"SearchAction","target":{"@type":"EntryPoint","urlTemplate":"https:\/\/www.oldtimer-nrw.net\/wordpress\/?s={search_term_string}"},"query-input":{"@type":"PropertyValueSpecification","valueRequired":true,"valueName":"search_term_string"}}],"inLanguage":"de"},{"@type":["Person","Organization"],"@id":"https:\/\/www.oldtimer-nrw.net\/wordpress\/#\/schema\/person\/fb50b11b23e3a6c83a4fd898edc917d2","name":"Christian","image":{"@type":"ImageObject","inLanguage":"de","@id":"https:\/\/secure.gravatar.com\/avatar\/148f254835bad72a5e34fb2e88fd867e0462b5d2a298d42fc7b1ba157f1c2c1d?s=96&d=mm&r=g","url":"https:\/\/secure.gravatar.com\/avatar\/148f254835bad72a5e34fb2e88fd867e0462b5d2a298d42fc7b1ba157f1c2c1d?s=96&d=mm&r=g","contentUrl":"https:\/\/secure.gravatar.com\/avatar\/148f254835bad72a5e34fb2e88fd867e0462b5d2a298d42fc7b1ba157f1c2c1d?s=96&d=mm&r=g","caption":"Christian"},"logo":{"@id":"https:\/\/secure.gravatar.com\/avatar\/148f254835bad72a5e34fb2e88fd867e0462b5d2a298d42fc7b1ba157f1c2c1d?s=96&d=mm&r=g"},"sameAs":["https:\/\/www.oldtimer-nrw.net"]}]}},"_links":{"self":[{"href":"https:\/\/www.oldtimer-nrw.net\/wordpress\/wp-json\/wp\/v2\/posts\/34216","targetHints":{"allow":["GET"]}}],"collection":[{"href":"https:\/\/www.oldtimer-nrw.net\/wordpress\/wp-json\/wp\/v2\/posts"}],"about":[{"href":"https:\/\/www.oldtimer-nrw.net\/wordpress\/wp-json\/wp\/v2\/types\/post"}],"author":[{"embeddable":true,"href":"https:\/\/www.oldtimer-nrw.net\/wordpress\/wp-json\/wp\/v2\/users\/1"}],"replies":[{"embeddable":true,"href":"https:\/\/www.oldtimer-nrw.net\/wordpress\/wp-json\/wp\/v2\/comments?post=34216"}],"version-history":[{"count":0,"href":"https:\/\/www.oldtimer-nrw.net\/wordpress\/wp-json\/wp\/v2\/posts\/34216\/revisions"}],"wp:featuredmedia":[{"embeddable":true,"href":"https:\/\/www.oldtimer-nrw.net\/wordpress\/wp-json\/wp\/v2\/media\/34217"}],"wp:attachment":[{"href":"https:\/\/www.oldtimer-nrw.net\/wordpress\/wp-json\/wp\/v2\/media?parent=34216"}],"wp:term":[{"taxonomy":"category","embeddable":true,"href":"https:\/\/www.oldtimer-nrw.net\/wordpress\/wp-json\/wp\/v2\/categories?post=34216"},{"taxonomy":"post_tag","embeddable":true,"href":"https:\/\/www.oldtimer-nrw.net\/wordpress\/wp-json\/wp\/v2\/tags?post=34216"}],"curies":[{"name":"wp","href":"https:\/\/api.w.org\/{rel}","templated":true}]}}