{"id":30334,"date":"2019-06-14T16:00:13","date_gmt":"2019-06-14T15:00:13","guid":{"rendered":"https:\/\/www.oldtimer-nrw.net\/wordpress\/?p=30334"},"modified":"2021-09-06T22:11:32","modified_gmt":"2021-09-06T21:11:32","slug":"ankuendigung-2-opel-classic-europatreffen-am-30-07-19-in-krefeld","status":"publish","type":"post","link":"https:\/\/www.oldtimer-nrw.net\/wordpress\/ankuendigung-2-opel-classic-europatreffen-am-30-07-19-in-krefeld\/","title":{"rendered":"Ank\u00fcndigung: 2. Opel-Classic-Europatreffen am 30.06.19 in Krefeld"},"content":{"rendered":"<p><a href=\"https:\/\/www.oldtimer-nrw.net\/wordpress\/wp-content\/uploads\/2019\/04\/AnkOpelClassic19_Start.jpg\"><img loading=\"lazy\" decoding=\"async\" class=\"aligncenter size-full wp-image-30349\" src=\"https:\/\/www.oldtimer-nrw.net\/wordpress\/wp-content\/uploads\/2019\/04\/AnkOpelClassic19_Start.jpg\" alt=\"\" width=\"1024\" height=\"576\" srcset=\"https:\/\/www.oldtimer-nrw.net\/wordpress\/wp-content\/uploads\/2019\/04\/AnkOpelClassic19_Start.jpg 1024w, https:\/\/www.oldtimer-nrw.net\/wordpress\/wp-content\/uploads\/2019\/04\/AnkOpelClassic19_Start-300x169.jpg 300w, https:\/\/www.oldtimer-nrw.net\/wordpress\/wp-content\/uploads\/2019\/04\/AnkOpelClassic19_Start-768x432.jpg 768w, https:\/\/www.oldtimer-nrw.net\/wordpress\/wp-content\/uploads\/2019\/04\/AnkOpelClassic19_Start-840x473.jpg 840w, https:\/\/www.oldtimer-nrw.net\/wordpress\/wp-content\/uploads\/2019\/04\/AnkOpelClassic19_Start-600x338.jpg 600w, https:\/\/www.oldtimer-nrw.net\/wordpress\/wp-content\/uploads\/2019\/04\/AnkOpelClassic19_Start-144x81.jpg 144w\" sizes=\"auto, (max-width: 1024px) 100vw, 1024px\" \/><\/a>Das Treffen f\u00fcr alles was Opel je gebaut hat, von der N\u00e4hmaschine bis zum Kadett E. Alles ist erlaubt, Fahrr\u00e4der, Motorr\u00e4der, Nutzfahrzeuge und Busse auch von den Schwestermarken Vauxhall und Bedford. Hauptsache es geh\u00f6rt(e) zum Opel-Konzern.<\/p>\n<p><!--more--><\/p>\n<p>Seid dabei! Nutzt die M\u00f6glichkeit und kommt am 30. Juni 2019 auf das Gel\u00e4nde an der Krefelder Eissportarena. Auch in diesem Jahr wird diese Veranstaltung f\u00fcr alle klassischen Opel wieder in diesen Breitengraden ihresgleichen suchen. Soviele verschiedene sch\u00f6ne Blitze aus den letzten Jahrzehnten werden Ihr sonst nur selten zu sehen bekommen.<\/p>\n<p><a href=\"https:\/\/www.oldtimer-nrw.net\/wordpress\/wp-content\/uploads\/2019\/04\/AnkOpelClassic19_001.jpg\"><img loading=\"lazy\" decoding=\"async\" class=\"aligncenter size-full wp-image-30337\" src=\"https:\/\/www.oldtimer-nrw.net\/wordpress\/wp-content\/uploads\/2019\/04\/AnkOpelClassic19_001.jpg\" alt=\"\" width=\"1024\" height=\"683\" srcset=\"https:\/\/www.oldtimer-nrw.net\/wordpress\/wp-content\/uploads\/2019\/04\/AnkOpelClassic19_001.jpg 1024w, https:\/\/www.oldtimer-nrw.net\/wordpress\/wp-content\/uploads\/2019\/04\/AnkOpelClassic19_001-300x200.jpg 300w, https:\/\/www.oldtimer-nrw.net\/wordpress\/wp-content\/uploads\/2019\/04\/AnkOpelClassic19_001-768x512.jpg 768w, https:\/\/www.oldtimer-nrw.net\/wordpress\/wp-content\/uploads\/2019\/04\/AnkOpelClassic19_001-450x300.jpg 450w\" sizes=\"auto, (max-width: 1024px) 100vw, 1024px\" \/><\/a><span class=\"_4n-j _3cht fsl\"><span class=\"text_exposed_show\">M\u00f6glichkeiten f\u00fcr einen privaten (Kofferraumverkauf) oder gewerblichen Teilemarkt sind vorhanden. H\u00e4ndleranfragen sind unbedingt erw\u00fcnscht!<\/span><\/span><\/p>\n<p><a href=\"https:\/\/www.oldtimer-nrw.net\/wordpress\/wp-content\/uploads\/2019\/04\/AnkOpelClassic19_002.jpg\"><img loading=\"lazy\" decoding=\"async\" class=\"aligncenter size-full wp-image-30338\" src=\"https:\/\/www.oldtimer-nrw.net\/wordpress\/wp-content\/uploads\/2019\/04\/AnkOpelClassic19_002.jpg\" alt=\"\" width=\"1024\" height=\"683\" srcset=\"https:\/\/www.oldtimer-nrw.net\/wordpress\/wp-content\/uploads\/2019\/04\/AnkOpelClassic19_002.jpg 1024w, https:\/\/www.oldtimer-nrw.net\/wordpress\/wp-content\/uploads\/2019\/04\/AnkOpelClassic19_002-300x200.jpg 300w, https:\/\/www.oldtimer-nrw.net\/wordpress\/wp-content\/uploads\/2019\/04\/AnkOpelClassic19_002-768x512.jpg 768w, https:\/\/www.oldtimer-nrw.net\/wordpress\/wp-content\/uploads\/2019\/04\/AnkOpelClassic19_002-450x300.jpg 450w\" sizes=\"auto, (max-width: 1024px) 100vw, 1024px\" \/><\/a>Beginn: 9.00 &#8211; 17.00 Uhr. F\u00fcr Euer leibliches Wohl sorgt wieder das Team vom Mo`s Bikertreff. Sie versorgen Euch mit einem Fr\u00fchst\u00fcck, einem deftigen Mittagessen und auch Kuchen.<\/p>\n<p><a href=\"https:\/\/www.oldtimer-nrw.net\/wordpress\/wp-content\/uploads\/2019\/04\/AnkOpelClassic19_003.jpg\"><img loading=\"lazy\" decoding=\"async\" class=\"aligncenter size-full wp-image-30339\" src=\"https:\/\/www.oldtimer-nrw.net\/wordpress\/wp-content\/uploads\/2019\/04\/AnkOpelClassic19_003.jpg\" alt=\"\" width=\"1024\" height=\"683\" srcset=\"https:\/\/www.oldtimer-nrw.net\/wordpress\/wp-content\/uploads\/2019\/04\/AnkOpelClassic19_003.jpg 1024w, https:\/\/www.oldtimer-nrw.net\/wordpress\/wp-content\/uploads\/2019\/04\/AnkOpelClassic19_003-300x200.jpg 300w, https:\/\/www.oldtimer-nrw.net\/wordpress\/wp-content\/uploads\/2019\/04\/AnkOpelClassic19_003-768x512.jpg 768w, https:\/\/www.oldtimer-nrw.net\/wordpress\/wp-content\/uploads\/2019\/04\/AnkOpelClassic19_003-450x300.jpg 450w\" sizes=\"auto, (max-width: 1024px) 100vw, 1024px\" \/><\/a>Das Mindestalter ist auf 25 Jahre festgesetzt. Die Einfahrt pro Fahrzeug betr\u00e4gt 2,- Euro und geht zugunsten eines guten Zwecks.<\/p>\n<p><a href=\"https:\/\/www.oldtimer-nrw.net\/wordpress\/wp-content\/uploads\/2019\/04\/AnkOpelClassic19_004.jpg\"><img loading=\"lazy\" decoding=\"async\" class=\"aligncenter size-full wp-image-30340\" src=\"https:\/\/www.oldtimer-nrw.net\/wordpress\/wp-content\/uploads\/2019\/04\/AnkOpelClassic19_004.jpg\" alt=\"\" width=\"1024\" height=\"683\" srcset=\"https:\/\/www.oldtimer-nrw.net\/wordpress\/wp-content\/uploads\/2019\/04\/AnkOpelClassic19_004.jpg 1024w, https:\/\/www.oldtimer-nrw.net\/wordpress\/wp-content\/uploads\/2019\/04\/AnkOpelClassic19_004-300x200.jpg 300w, https:\/\/www.oldtimer-nrw.net\/wordpress\/wp-content\/uploads\/2019\/04\/AnkOpelClassic19_004-768x512.jpg 768w, https:\/\/www.oldtimer-nrw.net\/wordpress\/wp-content\/uploads\/2019\/04\/AnkOpelClassic19_004-450x300.jpg 450w\" sizes=\"auto, (max-width: 1024px) 100vw, 1024px\" \/><\/a><span style=\"text-decoration: underline;\"><strong>Adresse:<\/strong><\/span><br \/>\nMo`s Bikertreff<br \/>\nKleinewefersstr. 160<br \/>\n47803 Krefeld<\/p>\n<p>Bei Fragen, Anregungen oder Kritik wendet Euch an Peter Plessa unter der Nummer: 0175 7920960<\/p>\n<p><a href=\"https:\/\/www.oldtimer-nrw.net\/wordpress\/wp-content\/uploads\/2019\/04\/AnkOpelClassic19_005.jpg\"><img loading=\"lazy\" decoding=\"async\" class=\"aligncenter size-full wp-image-30341\" src=\"https:\/\/www.oldtimer-nrw.net\/wordpress\/wp-content\/uploads\/2019\/04\/AnkOpelClassic19_005.jpg\" alt=\"\" width=\"1024\" height=\"683\" srcset=\"https:\/\/www.oldtimer-nrw.net\/wordpress\/wp-content\/uploads\/2019\/04\/AnkOpelClassic19_005.jpg 1024w, https:\/\/www.oldtimer-nrw.net\/wordpress\/wp-content\/uploads\/2019\/04\/AnkOpelClassic19_005-300x200.jpg 300w, https:\/\/www.oldtimer-nrw.net\/wordpress\/wp-content\/uploads\/2019\/04\/AnkOpelClassic19_005-768x512.jpg 768w, https:\/\/www.oldtimer-nrw.net\/wordpress\/wp-content\/uploads\/2019\/04\/AnkOpelClassic19_005-450x300.jpg 450w\" sizes=\"auto, (max-width: 1024px) 100vw, 1024px\" \/><\/a>Wer jetzt immer noch nicht \u00fcberzeugt ist, dem empfehle ich meine Galerie vom letzten Jahr: <a href=\"https:\/\/www.oldtimer-nrw.net\/wordpress\/?p=26487\" target=\"_blank\" rel=\"noopener noreferrer\">1. Opel Classic Europa-Treffen in Krefeld am 16.-17.06.18<\/a><\/p>\n<p>Oldtimer-NRW wird ebenfalls wieder vor Ort sein um dar\u00fcber zu berichten!<\/p>\n<p><a href=\"https:\/\/www.facebook.com\/events\/253071872112179\/\" target=\"_blank\" rel=\"noopener noreferrer\"><img loading=\"lazy\" decoding=\"async\" class=\"aligncenter wp-image-30568 size-full\" src=\"https:\/\/www.oldtimer-nrw.net\/wordpress\/wp-content\/uploads\/2019\/06\/AnkOpelClassic19_007.png\" alt=\"\" width=\"250\" height=\"97\" \/><\/a><span style=\"text-decoration: underline;\"><strong>Flyer:<\/strong><\/span><\/p>\n<p><a href=\"https:\/\/www.oldtimer-nrw.net\/wordpress\/wp-content\/uploads\/2019\/04\/AnkOpelClassic19_006.jpg\"><img loading=\"lazy\" decoding=\"async\" class=\"aligncenter size-full wp-image-30342\" src=\"https:\/\/www.oldtimer-nrw.net\/wordpress\/wp-content\/uploads\/2019\/04\/AnkOpelClassic19_006.jpg\" alt=\"\" width=\"727\" height=\"1024\" srcset=\"https:\/\/www.oldtimer-nrw.net\/wordpress\/wp-content\/uploads\/2019\/04\/AnkOpelClassic19_006.jpg 727w, https:\/\/www.oldtimer-nrw.net\/wordpress\/wp-content\/uploads\/2019\/04\/AnkOpelClassic19_006-213x300.jpg 213w\" sizes=\"auto, (max-width: 727px) 100vw, 727px\" \/><\/a><\/p>\n<p>&#8212;<\/p>\n","protected":false},"excerpt":{"rendered":"<p>Das Treffen f\u00fcr alles was Opel je gebaut hat, von der N\u00e4hmaschine bis zum Kadett E. Alles ist erlaubt, Fahrr\u00e4der, Motorr\u00e4der, Nutzfahrzeuge und Busse auch von den Schwestermarken Vauxhall und Bedford. Hauptsache es geh\u00f6rt(e) zum &hellip;<\/p>\n","protected":false},"author":1,"featured_media":30349,"comment_status":"open","ping_status":"open","sticky":false,"template":"","format":"standard","meta":{"footnotes":""},"categories":[1],"tags":[118,58,5,112,89,31,70],"class_list":["post-30334","post","type-post","status-publish","format-standard","has-post-thumbnail","hentry","category-allgemein","tag-118","tag-motorsport","tag-oldtimer","tag-opel","tag-termine-2","tag-tuning","tag-youngtimer"],"yoast_head":"<!-- This site is optimized with the Yoast SEO plugin v27.5 - https:\/\/yoast.com\/product\/yoast-seo-wordpress\/ -->\n<title>Ank\u00fcndigung: 2. Opel-Classic-Europatreffen am 30.06.19 in Krefeld - https:\/\/oldtimer-nrw.net<\/title>\n<meta name=\"description\" content=\"Ank\u00fcndigung: 2. Opel-Classic-Europatreffen am 30.06.19 in Krefeld - https:\/\/oldtimer-nrw.net - Oldtimer - Youngtimer - Motorsport - Tuning\" \/>\n<meta name=\"robots\" content=\"index, follow, max-snippet:-1, max-image-preview:large, max-video-preview:-1\" \/>\n<link rel=\"canonical\" href=\"https:\/\/www.oldtimer-nrw.net\/wordpress\/ankuendigung-2-opel-classic-europatreffen-am-30-07-19-in-krefeld\/\" \/>\n<meta property=\"og:locale\" content=\"de_DE\" \/>\n<meta property=\"og:type\" content=\"article\" \/>\n<meta property=\"og:title\" content=\"Ank\u00fcndigung: 2. Opel-Classic-Europatreffen am 30.06.19 in Krefeld - https:\/\/oldtimer-nrw.net\" \/>\n<meta property=\"og:description\" content=\"Ank\u00fcndigung: 2. Opel-Classic-Europatreffen am 30.06.19 in Krefeld - https:\/\/oldtimer-nrw.net - Oldtimer - Youngtimer - Motorsport - Tuning\" \/>\n<meta property=\"og:url\" content=\"https:\/\/www.oldtimer-nrw.net\/wordpress\/ankuendigung-2-opel-classic-europatreffen-am-30-07-19-in-krefeld\/\" \/>\n<meta property=\"og:site_name\" content=\"https:\/\/oldtimer-nrw.net\" \/>\n<meta property=\"article:published_time\" content=\"2019-06-14T15:00:13+00:00\" \/>\n<meta property=\"article:modified_time\" content=\"2021-09-06T21:11:32+00:00\" \/>\n<meta property=\"og:image\" content=\"https:\/\/www.oldtimer-nrw.net\/wordpress\/wp-content\/uploads\/2019\/04\/AnkOpelClassic19_Start.jpg\" \/>\n\t<meta property=\"og:image:width\" content=\"1024\" \/>\n\t<meta property=\"og:image:height\" content=\"576\" \/>\n\t<meta property=\"og:image:type\" content=\"image\/jpeg\" \/>\n<meta name=\"author\" content=\"Christian\" \/>\n<meta name=\"twitter:card\" content=\"summary_large_image\" \/>\n<meta name=\"twitter:label1\" content=\"Verfasst von\" \/>\n\t<meta name=\"twitter:data1\" content=\"Christian\" \/>\n\t<meta name=\"twitter:label2\" content=\"Gesch\u00e4tzte Lesezeit\" \/>\n\t<meta name=\"twitter:data2\" content=\"1\u00a0Minute\" \/>\n<script type=\"application\/ld+json\" class=\"yoast-schema-graph\">{\"@context\":\"https:\\\/\\\/schema.org\",\"@graph\":[{\"@type\":\"Article\",\"@id\":\"https:\\\/\\\/www.oldtimer-nrw.net\\\/wordpress\\\/ankuendigung-2-opel-classic-europatreffen-am-30-07-19-in-krefeld\\\/#article\",\"isPartOf\":{\"@id\":\"https:\\\/\\\/www.oldtimer-nrw.net\\\/wordpress\\\/ankuendigung-2-opel-classic-europatreffen-am-30-07-19-in-krefeld\\\/\"},\"author\":{\"name\":\"Christian\",\"@id\":\"https:\\\/\\\/www.oldtimer-nrw.net\\\/wordpress\\\/#\\\/schema\\\/person\\\/fb50b11b23e3a6c83a4fd898edc917d2\"},\"headline\":\"Ank\u00fcndigung: 2. Opel-Classic-Europatreffen am 30.06.19 in Krefeld\",\"datePublished\":\"2019-06-14T15:00:13+00:00\",\"dateModified\":\"2021-09-06T21:11:32+00:00\",\"mainEntityOfPage\":{\"@id\":\"https:\\\/\\\/www.oldtimer-nrw.net\\\/wordpress\\\/ankuendigung-2-opel-classic-europatreffen-am-30-07-19-in-krefeld\\\/\"},\"wordCount\":224,\"commentCount\":3,\"publisher\":{\"@id\":\"https:\\\/\\\/www.oldtimer-nrw.net\\\/wordpress\\\/#\\\/schema\\\/person\\\/fb50b11b23e3a6c83a4fd898edc917d2\"},\"image\":{\"@id\":\"https:\\\/\\\/www.oldtimer-nrw.net\\\/wordpress\\\/ankuendigung-2-opel-classic-europatreffen-am-30-07-19-in-krefeld\\\/#primaryimage\"},\"thumbnailUrl\":\"https:\\\/\\\/www.oldtimer-nrw.net\\\/wordpress\\\/wp-content\\\/uploads\\\/2019\\\/04\\\/AnkOpelClassic19_Start.jpg\",\"keywords\":[\"2019\",\"Motorsport\",\"Oldtimer\",\"Opel\",\"Termine\",\"Tuning\",\"Youngtimer\"],\"articleSection\":[\"Neues aus der Redaktion\"],\"inLanguage\":\"de\",\"potentialAction\":[{\"@type\":\"CommentAction\",\"name\":\"Comment\",\"target\":[\"https:\\\/\\\/www.oldtimer-nrw.net\\\/wordpress\\\/ankuendigung-2-opel-classic-europatreffen-am-30-07-19-in-krefeld\\\/#respond\"]}]},{\"@type\":\"WebPage\",\"@id\":\"https:\\\/\\\/www.oldtimer-nrw.net\\\/wordpress\\\/ankuendigung-2-opel-classic-europatreffen-am-30-07-19-in-krefeld\\\/\",\"url\":\"https:\\\/\\\/www.oldtimer-nrw.net\\\/wordpress\\\/ankuendigung-2-opel-classic-europatreffen-am-30-07-19-in-krefeld\\\/\",\"name\":\"Ank\u00fcndigung: 2. Opel-Classic-Europatreffen am 30.06.19 in Krefeld - https:\\\/\\\/oldtimer-nrw.net\",\"isPartOf\":{\"@id\":\"https:\\\/\\\/www.oldtimer-nrw.net\\\/wordpress\\\/#website\"},\"primaryImageOfPage\":{\"@id\":\"https:\\\/\\\/www.oldtimer-nrw.net\\\/wordpress\\\/ankuendigung-2-opel-classic-europatreffen-am-30-07-19-in-krefeld\\\/#primaryimage\"},\"image\":{\"@id\":\"https:\\\/\\\/www.oldtimer-nrw.net\\\/wordpress\\\/ankuendigung-2-opel-classic-europatreffen-am-30-07-19-in-krefeld\\\/#primaryimage\"},\"thumbnailUrl\":\"https:\\\/\\\/www.oldtimer-nrw.net\\\/wordpress\\\/wp-content\\\/uploads\\\/2019\\\/04\\\/AnkOpelClassic19_Start.jpg\",\"datePublished\":\"2019-06-14T15:00:13+00:00\",\"dateModified\":\"2021-09-06T21:11:32+00:00\",\"description\":\"Ank\u00fcndigung: 2. Opel-Classic-Europatreffen am 30.06.19 in Krefeld - https:\\\/\\\/oldtimer-nrw.net - Oldtimer - Youngtimer - Motorsport - Tuning\",\"breadcrumb\":{\"@id\":\"https:\\\/\\\/www.oldtimer-nrw.net\\\/wordpress\\\/ankuendigung-2-opel-classic-europatreffen-am-30-07-19-in-krefeld\\\/#breadcrumb\"},\"inLanguage\":\"de\",\"potentialAction\":[{\"@type\":\"ReadAction\",\"target\":[\"https:\\\/\\\/www.oldtimer-nrw.net\\\/wordpress\\\/ankuendigung-2-opel-classic-europatreffen-am-30-07-19-in-krefeld\\\/\"]}]},{\"@type\":\"ImageObject\",\"inLanguage\":\"de\",\"@id\":\"https:\\\/\\\/www.oldtimer-nrw.net\\\/wordpress\\\/ankuendigung-2-opel-classic-europatreffen-am-30-07-19-in-krefeld\\\/#primaryimage\",\"url\":\"https:\\\/\\\/www.oldtimer-nrw.net\\\/wordpress\\\/wp-content\\\/uploads\\\/2019\\\/04\\\/AnkOpelClassic19_Start.jpg\",\"contentUrl\":\"https:\\\/\\\/www.oldtimer-nrw.net\\\/wordpress\\\/wp-content\\\/uploads\\\/2019\\\/04\\\/AnkOpelClassic19_Start.jpg\",\"width\":1024,\"height\":576},{\"@type\":\"BreadcrumbList\",\"@id\":\"https:\\\/\\\/www.oldtimer-nrw.net\\\/wordpress\\\/ankuendigung-2-opel-classic-europatreffen-am-30-07-19-in-krefeld\\\/#breadcrumb\",\"itemListElement\":[{\"@type\":\"ListItem\",\"position\":1,\"name\":\"Startseite\",\"item\":\"https:\\\/\\\/www.oldtimer-nrw.net\\\/wordpress\\\/\"},{\"@type\":\"ListItem\",\"position\":2,\"name\":\"Ank\u00fcndigung: 2. Opel-Classic-Europatreffen am 30.06.19 in Krefeld\"}]},{\"@type\":\"WebSite\",\"@id\":\"https:\\\/\\\/www.oldtimer-nrw.net\\\/wordpress\\\/#website\",\"url\":\"https:\\\/\\\/www.oldtimer-nrw.net\\\/wordpress\\\/\",\"name\":\"https:\\\/\\\/oldtimer-nrw.net\",\"description\":\"Oldtimer * Youngtimer * Motorsport * Tuning\",\"publisher\":{\"@id\":\"https:\\\/\\\/www.oldtimer-nrw.net\\\/wordpress\\\/#\\\/schema\\\/person\\\/fb50b11b23e3a6c83a4fd898edc917d2\"},\"potentialAction\":[{\"@type\":\"SearchAction\",\"target\":{\"@type\":\"EntryPoint\",\"urlTemplate\":\"https:\\\/\\\/www.oldtimer-nrw.net\\\/wordpress\\\/?s={search_term_string}\"},\"query-input\":{\"@type\":\"PropertyValueSpecification\",\"valueRequired\":true,\"valueName\":\"search_term_string\"}}],\"inLanguage\":\"de\"},{\"@type\":[\"Person\",\"Organization\"],\"@id\":\"https:\\\/\\\/www.oldtimer-nrw.net\\\/wordpress\\\/#\\\/schema\\\/person\\\/fb50b11b23e3a6c83a4fd898edc917d2\",\"name\":\"Christian\",\"image\":{\"@type\":\"ImageObject\",\"inLanguage\":\"de\",\"@id\":\"https:\\\/\\\/secure.gravatar.com\\\/avatar\\\/148f254835bad72a5e34fb2e88fd867e0462b5d2a298d42fc7b1ba157f1c2c1d?s=96&d=mm&r=g\",\"url\":\"https:\\\/\\\/secure.gravatar.com\\\/avatar\\\/148f254835bad72a5e34fb2e88fd867e0462b5d2a298d42fc7b1ba157f1c2c1d?s=96&d=mm&r=g\",\"contentUrl\":\"https:\\\/\\\/secure.gravatar.com\\\/avatar\\\/148f254835bad72a5e34fb2e88fd867e0462b5d2a298d42fc7b1ba157f1c2c1d?s=96&d=mm&r=g\",\"caption\":\"Christian\"},\"logo\":{\"@id\":\"https:\\\/\\\/secure.gravatar.com\\\/avatar\\\/148f254835bad72a5e34fb2e88fd867e0462b5d2a298d42fc7b1ba157f1c2c1d?s=96&d=mm&r=g\"},\"sameAs\":[\"https:\\\/\\\/www.oldtimer-nrw.net\"]}]}<\/script>\n<!-- \/ Yoast SEO plugin. -->","yoast_head_json":{"title":"Ank\u00fcndigung: 2. Opel-Classic-Europatreffen am 30.06.19 in Krefeld - https:\/\/oldtimer-nrw.net","description":"Ank\u00fcndigung: 2. Opel-Classic-Europatreffen am 30.06.19 in Krefeld - https:\/\/oldtimer-nrw.net - Oldtimer - Youngtimer - Motorsport - Tuning","robots":{"index":"index","follow":"follow","max-snippet":"max-snippet:-1","max-image-preview":"max-image-preview:large","max-video-preview":"max-video-preview:-1"},"canonical":"https:\/\/www.oldtimer-nrw.net\/wordpress\/ankuendigung-2-opel-classic-europatreffen-am-30-07-19-in-krefeld\/","og_locale":"de_DE","og_type":"article","og_title":"Ank\u00fcndigung: 2. Opel-Classic-Europatreffen am 30.06.19 in Krefeld - https:\/\/oldtimer-nrw.net","og_description":"Ank\u00fcndigung: 2. Opel-Classic-Europatreffen am 30.06.19 in Krefeld - https:\/\/oldtimer-nrw.net - Oldtimer - Youngtimer - Motorsport - Tuning","og_url":"https:\/\/www.oldtimer-nrw.net\/wordpress\/ankuendigung-2-opel-classic-europatreffen-am-30-07-19-in-krefeld\/","og_site_name":"https:\/\/oldtimer-nrw.net","article_published_time":"2019-06-14T15:00:13+00:00","article_modified_time":"2021-09-06T21:11:32+00:00","og_image":[{"width":1024,"height":576,"url":"https:\/\/www.oldtimer-nrw.net\/wordpress\/wp-content\/uploads\/2019\/04\/AnkOpelClassic19_Start.jpg","type":"image\/jpeg"}],"author":"Christian","twitter_card":"summary_large_image","twitter_misc":{"Verfasst von":"Christian","Gesch\u00e4tzte Lesezeit":"1\u00a0Minute"},"schema":{"@context":"https:\/\/schema.org","@graph":[{"@type":"Article","@id":"https:\/\/www.oldtimer-nrw.net\/wordpress\/ankuendigung-2-opel-classic-europatreffen-am-30-07-19-in-krefeld\/#article","isPartOf":{"@id":"https:\/\/www.oldtimer-nrw.net\/wordpress\/ankuendigung-2-opel-classic-europatreffen-am-30-07-19-in-krefeld\/"},"author":{"name":"Christian","@id":"https:\/\/www.oldtimer-nrw.net\/wordpress\/#\/schema\/person\/fb50b11b23e3a6c83a4fd898edc917d2"},"headline":"Ank\u00fcndigung: 2. Opel-Classic-Europatreffen am 30.06.19 in Krefeld","datePublished":"2019-06-14T15:00:13+00:00","dateModified":"2021-09-06T21:11:32+00:00","mainEntityOfPage":{"@id":"https:\/\/www.oldtimer-nrw.net\/wordpress\/ankuendigung-2-opel-classic-europatreffen-am-30-07-19-in-krefeld\/"},"wordCount":224,"commentCount":3,"publisher":{"@id":"https:\/\/www.oldtimer-nrw.net\/wordpress\/#\/schema\/person\/fb50b11b23e3a6c83a4fd898edc917d2"},"image":{"@id":"https:\/\/www.oldtimer-nrw.net\/wordpress\/ankuendigung-2-opel-classic-europatreffen-am-30-07-19-in-krefeld\/#primaryimage"},"thumbnailUrl":"https:\/\/www.oldtimer-nrw.net\/wordpress\/wp-content\/uploads\/2019\/04\/AnkOpelClassic19_Start.jpg","keywords":["2019","Motorsport","Oldtimer","Opel","Termine","Tuning","Youngtimer"],"articleSection":["Neues aus der Redaktion"],"inLanguage":"de","potentialAction":[{"@type":"CommentAction","name":"Comment","target":["https:\/\/www.oldtimer-nrw.net\/wordpress\/ankuendigung-2-opel-classic-europatreffen-am-30-07-19-in-krefeld\/#respond"]}]},{"@type":"WebPage","@id":"https:\/\/www.oldtimer-nrw.net\/wordpress\/ankuendigung-2-opel-classic-europatreffen-am-30-07-19-in-krefeld\/","url":"https:\/\/www.oldtimer-nrw.net\/wordpress\/ankuendigung-2-opel-classic-europatreffen-am-30-07-19-in-krefeld\/","name":"Ank\u00fcndigung: 2. Opel-Classic-Europatreffen am 30.06.19 in Krefeld - https:\/\/oldtimer-nrw.net","isPartOf":{"@id":"https:\/\/www.oldtimer-nrw.net\/wordpress\/#website"},"primaryImageOfPage":{"@id":"https:\/\/www.oldtimer-nrw.net\/wordpress\/ankuendigung-2-opel-classic-europatreffen-am-30-07-19-in-krefeld\/#primaryimage"},"image":{"@id":"https:\/\/www.oldtimer-nrw.net\/wordpress\/ankuendigung-2-opel-classic-europatreffen-am-30-07-19-in-krefeld\/#primaryimage"},"thumbnailUrl":"https:\/\/www.oldtimer-nrw.net\/wordpress\/wp-content\/uploads\/2019\/04\/AnkOpelClassic19_Start.jpg","datePublished":"2019-06-14T15:00:13+00:00","dateModified":"2021-09-06T21:11:32+00:00","description":"Ank\u00fcndigung: 2. Opel-Classic-Europatreffen am 30.06.19 in Krefeld - https:\/\/oldtimer-nrw.net - Oldtimer - Youngtimer - Motorsport - Tuning","breadcrumb":{"@id":"https:\/\/www.oldtimer-nrw.net\/wordpress\/ankuendigung-2-opel-classic-europatreffen-am-30-07-19-in-krefeld\/#breadcrumb"},"inLanguage":"de","potentialAction":[{"@type":"ReadAction","target":["https:\/\/www.oldtimer-nrw.net\/wordpress\/ankuendigung-2-opel-classic-europatreffen-am-30-07-19-in-krefeld\/"]}]},{"@type":"ImageObject","inLanguage":"de","@id":"https:\/\/www.oldtimer-nrw.net\/wordpress\/ankuendigung-2-opel-classic-europatreffen-am-30-07-19-in-krefeld\/#primaryimage","url":"https:\/\/www.oldtimer-nrw.net\/wordpress\/wp-content\/uploads\/2019\/04\/AnkOpelClassic19_Start.jpg","contentUrl":"https:\/\/www.oldtimer-nrw.net\/wordpress\/wp-content\/uploads\/2019\/04\/AnkOpelClassic19_Start.jpg","width":1024,"height":576},{"@type":"BreadcrumbList","@id":"https:\/\/www.oldtimer-nrw.net\/wordpress\/ankuendigung-2-opel-classic-europatreffen-am-30-07-19-in-krefeld\/#breadcrumb","itemListElement":[{"@type":"ListItem","position":1,"name":"Startseite","item":"https:\/\/www.oldtimer-nrw.net\/wordpress\/"},{"@type":"ListItem","position":2,"name":"Ank\u00fcndigung: 2. Opel-Classic-Europatreffen am 30.06.19 in Krefeld"}]},{"@type":"WebSite","@id":"https:\/\/www.oldtimer-nrw.net\/wordpress\/#website","url":"https:\/\/www.oldtimer-nrw.net\/wordpress\/","name":"https:\/\/oldtimer-nrw.net","description":"Oldtimer * Youngtimer * Motorsport * Tuning","publisher":{"@id":"https:\/\/www.oldtimer-nrw.net\/wordpress\/#\/schema\/person\/fb50b11b23e3a6c83a4fd898edc917d2"},"potentialAction":[{"@type":"SearchAction","target":{"@type":"EntryPoint","urlTemplate":"https:\/\/www.oldtimer-nrw.net\/wordpress\/?s={search_term_string}"},"query-input":{"@type":"PropertyValueSpecification","valueRequired":true,"valueName":"search_term_string"}}],"inLanguage":"de"},{"@type":["Person","Organization"],"@id":"https:\/\/www.oldtimer-nrw.net\/wordpress\/#\/schema\/person\/fb50b11b23e3a6c83a4fd898edc917d2","name":"Christian","image":{"@type":"ImageObject","inLanguage":"de","@id":"https:\/\/secure.gravatar.com\/avatar\/148f254835bad72a5e34fb2e88fd867e0462b5d2a298d42fc7b1ba157f1c2c1d?s=96&d=mm&r=g","url":"https:\/\/secure.gravatar.com\/avatar\/148f254835bad72a5e34fb2e88fd867e0462b5d2a298d42fc7b1ba157f1c2c1d?s=96&d=mm&r=g","contentUrl":"https:\/\/secure.gravatar.com\/avatar\/148f254835bad72a5e34fb2e88fd867e0462b5d2a298d42fc7b1ba157f1c2c1d?s=96&d=mm&r=g","caption":"Christian"},"logo":{"@id":"https:\/\/secure.gravatar.com\/avatar\/148f254835bad72a5e34fb2e88fd867e0462b5d2a298d42fc7b1ba157f1c2c1d?s=96&d=mm&r=g"},"sameAs":["https:\/\/www.oldtimer-nrw.net"]}]}},"_links":{"self":[{"href":"https:\/\/www.oldtimer-nrw.net\/wordpress\/wp-json\/wp\/v2\/posts\/30334","targetHints":{"allow":["GET"]}}],"collection":[{"href":"https:\/\/www.oldtimer-nrw.net\/wordpress\/wp-json\/wp\/v2\/posts"}],"about":[{"href":"https:\/\/www.oldtimer-nrw.net\/wordpress\/wp-json\/wp\/v2\/types\/post"}],"author":[{"embeddable":true,"href":"https:\/\/www.oldtimer-nrw.net\/wordpress\/wp-json\/wp\/v2\/users\/1"}],"replies":[{"embeddable":true,"href":"https:\/\/www.oldtimer-nrw.net\/wordpress\/wp-json\/wp\/v2\/comments?post=30334"}],"version-history":[{"count":0,"href":"https:\/\/www.oldtimer-nrw.net\/wordpress\/wp-json\/wp\/v2\/posts\/30334\/revisions"}],"wp:featuredmedia":[{"embeddable":true,"href":"https:\/\/www.oldtimer-nrw.net\/wordpress\/wp-json\/wp\/v2\/media\/30349"}],"wp:attachment":[{"href":"https:\/\/www.oldtimer-nrw.net\/wordpress\/wp-json\/wp\/v2\/media?parent=30334"}],"wp:term":[{"taxonomy":"category","embeddable":true,"href":"https:\/\/www.oldtimer-nrw.net\/wordpress\/wp-json\/wp\/v2\/categories?post=30334"},{"taxonomy":"post_tag","embeddable":true,"href":"https:\/\/www.oldtimer-nrw.net\/wordpress\/wp-json\/wp\/v2\/tags?post=30334"}],"curies":[{"name":"wp","href":"https:\/\/api.w.org\/{rel}","templated":true}]}}