{"id":25378,"date":"2018-04-26T19:17:29","date_gmt":"2018-04-26T18:17:29","guid":{"rendered":"http:\/\/www.oldtimer-nrw.net\/wordpress\/?p=25378"},"modified":"2021-05-03T19:37:41","modified_gmt":"2021-05-03T18:37:41","slug":"ankuendigung-das-campingtreffen-fuer-alle-nsu-tt-tts-am-06-08-07-18","status":"publish","type":"post","link":"https:\/\/www.oldtimer-nrw.net\/wordpress\/ankuendigung-das-campingtreffen-fuer-alle-nsu-tt-tts-am-06-08-07-18\/","title":{"rendered":"Ank\u00fcndigung: Das Campingtreffen f\u00fcr alle NSU TT\/TTS am 06.-08.07.18"},"content":{"rendered":"<p><a href=\"https:\/\/www.oldtimer-nrw.net\/wordpress\/wp-content\/uploads\/2018\/04\/AnkNSUTreffen18_Start.jpg\"><img loading=\"lazy\" decoding=\"async\" class=\"aligncenter size-full wp-image-25380\" src=\"https:\/\/www.oldtimer-nrw.net\/wordpress\/wp-content\/uploads\/2018\/04\/AnkNSUTreffen18_Start.jpg\" alt=\"\" width=\"1024\" height=\"576\" srcset=\"https:\/\/www.oldtimer-nrw.net\/wordpress\/wp-content\/uploads\/2018\/04\/AnkNSUTreffen18_Start.jpg 1024w, https:\/\/www.oldtimer-nrw.net\/wordpress\/wp-content\/uploads\/2018\/04\/AnkNSUTreffen18_Start-300x169.jpg 300w, https:\/\/www.oldtimer-nrw.net\/wordpress\/wp-content\/uploads\/2018\/04\/AnkNSUTreffen18_Start-768x432.jpg 768w, https:\/\/www.oldtimer-nrw.net\/wordpress\/wp-content\/uploads\/2018\/04\/AnkNSUTreffen18_Start-840x473.jpg 840w, https:\/\/www.oldtimer-nrw.net\/wordpress\/wp-content\/uploads\/2018\/04\/AnkNSUTreffen18_Start-600x338.jpg 600w, https:\/\/www.oldtimer-nrw.net\/wordpress\/wp-content\/uploads\/2018\/04\/AnkNSUTreffen18_Start-144x81.jpg 144w\" sizes=\"auto, (max-width: 1024px) 100vw, 1024px\" \/><\/a>Dieses Treffen f\u00fcr alle NSU TT und TTS Modelle findet am 06.07.-08.07.2018 auf der legend\u00e4ren Rennstrecke des Raceway Venray in den Niederlanden statt. Eingeladen sind alle NSU der Baureihen &#8222;TT&#8220; und &#8222;TTS&#8220;.<\/p>\n<p><!--more--><\/p>\n<p><a href=\"https:\/\/www.oldtimer-nrw.net\/wordpress\/wp-content\/uploads\/2018\/04\/AnkNSUTreffen18_001.jpg\"><img loading=\"lazy\" decoding=\"async\" class=\"aligncenter size-full wp-image-25383\" src=\"https:\/\/www.oldtimer-nrw.net\/wordpress\/wp-content\/uploads\/2018\/04\/AnkNSUTreffen18_001.jpg\" alt=\"\" width=\"1024\" height=\"685\" srcset=\"https:\/\/www.oldtimer-nrw.net\/wordpress\/wp-content\/uploads\/2018\/04\/AnkNSUTreffen18_001.jpg 1024w, https:\/\/www.oldtimer-nrw.net\/wordpress\/wp-content\/uploads\/2018\/04\/AnkNSUTreffen18_001-300x201.jpg 300w, https:\/\/www.oldtimer-nrw.net\/wordpress\/wp-content\/uploads\/2018\/04\/AnkNSUTreffen18_001-768x514.jpg 768w, https:\/\/www.oldtimer-nrw.net\/wordpress\/wp-content\/uploads\/2018\/04\/AnkNSUTreffen18_001-448x300.jpg 448w\" sizes=\"auto, (max-width: 1024px) 100vw, 1024px\" \/><\/a>Neben der M\u00f6glichkeit eines kleinen Kofferaumverkaufs wird es viel Zeit zum fachsimpeln und Benzinquatschen geben.<\/p>\n<p><a href=\"https:\/\/www.oldtimer-nrw.net\/wordpress\/wp-content\/uploads\/2018\/04\/AnkNSUTreffen18_002.jpg\"><img loading=\"lazy\" decoding=\"async\" class=\"aligncenter size-full wp-image-25384\" src=\"https:\/\/www.oldtimer-nrw.net\/wordpress\/wp-content\/uploads\/2018\/04\/AnkNSUTreffen18_002.jpg\" alt=\"\" width=\"1024\" height=\"681\" srcset=\"https:\/\/www.oldtimer-nrw.net\/wordpress\/wp-content\/uploads\/2018\/04\/AnkNSUTreffen18_002.jpg 1024w, https:\/\/www.oldtimer-nrw.net\/wordpress\/wp-content\/uploads\/2018\/04\/AnkNSUTreffen18_002-300x200.jpg 300w, https:\/\/www.oldtimer-nrw.net\/wordpress\/wp-content\/uploads\/2018\/04\/AnkNSUTreffen18_002-768x511.jpg 768w, https:\/\/www.oldtimer-nrw.net\/wordpress\/wp-content\/uploads\/2018\/04\/AnkNSUTreffen18_002-451x300.jpg 451w\" sizes=\"auto, (max-width: 1024px) 100vw, 1024px\" \/><\/a>Anfahrt ist am Freitag den 06.07.2018. auf dem Gel\u00e4nde der Rennstrecke &#8222;Raceway Venray&#8220; in Holland.<\/p>\n<p><a href=\"https:\/\/www.oldtimer-nrw.net\/wordpress\/wp-content\/uploads\/2018\/04\/AnkNSUTreffen18_003.jpg\"><img loading=\"lazy\" decoding=\"async\" class=\"aligncenter size-full wp-image-25386\" src=\"https:\/\/www.oldtimer-nrw.net\/wordpress\/wp-content\/uploads\/2018\/04\/AnkNSUTreffen18_003.jpg\" alt=\"\" width=\"1024\" height=\"681\" srcset=\"https:\/\/www.oldtimer-nrw.net\/wordpress\/wp-content\/uploads\/2018\/04\/AnkNSUTreffen18_003.jpg 1024w, https:\/\/www.oldtimer-nrw.net\/wordpress\/wp-content\/uploads\/2018\/04\/AnkNSUTreffen18_003-300x200.jpg 300w, https:\/\/www.oldtimer-nrw.net\/wordpress\/wp-content\/uploads\/2018\/04\/AnkNSUTreffen18_003-768x511.jpg 768w, https:\/\/www.oldtimer-nrw.net\/wordpress\/wp-content\/uploads\/2018\/04\/AnkNSUTreffen18_003-451x300.jpg 451w\" sizes=\"auto, (max-width: 1024px) 100vw, 1024px\" \/><\/a>Am Samstag den 07.07.2018 nutzen wir die Zeit zum \u00dcben auf einem abgesteckten Slalomparcours.<\/p>\n<p><a href=\"https:\/\/www.oldtimer-nrw.net\/wordpress\/wp-content\/uploads\/2018\/04\/AnkNSUTreffen18_004.jpg\"><img loading=\"lazy\" decoding=\"async\" class=\"aligncenter size-full wp-image-25387\" src=\"https:\/\/www.oldtimer-nrw.net\/wordpress\/wp-content\/uploads\/2018\/04\/AnkNSUTreffen18_004.jpg\" alt=\"\" width=\"1024\" height=\"683\" srcset=\"https:\/\/www.oldtimer-nrw.net\/wordpress\/wp-content\/uploads\/2018\/04\/AnkNSUTreffen18_004.jpg 1024w, https:\/\/www.oldtimer-nrw.net\/wordpress\/wp-content\/uploads\/2018\/04\/AnkNSUTreffen18_004-300x200.jpg 300w, https:\/\/www.oldtimer-nrw.net\/wordpress\/wp-content\/uploads\/2018\/04\/AnkNSUTreffen18_004-768x512.jpg 768w, https:\/\/www.oldtimer-nrw.net\/wordpress\/wp-content\/uploads\/2018\/04\/AnkNSUTreffen18_004-450x300.jpg 450w\" sizes=\"auto, (max-width: 1024px) 100vw, 1024px\" \/><\/a>Am Sonntag, den 08.07.2018 k\u00f6nnen wir dann auf der gesamten Rennstrecke Gas geben!<\/p>\n<p><a href=\"https:\/\/www.oldtimer-nrw.net\/wordpress\/wp-content\/uploads\/2018\/04\/AnkNSUTreffen18_005.jpg\"><img loading=\"lazy\" decoding=\"async\" class=\"aligncenter size-full wp-image-25388\" src=\"https:\/\/www.oldtimer-nrw.net\/wordpress\/wp-content\/uploads\/2018\/04\/AnkNSUTreffen18_005.jpg\" alt=\"\" width=\"1024\" height=\"683\" srcset=\"https:\/\/www.oldtimer-nrw.net\/wordpress\/wp-content\/uploads\/2018\/04\/AnkNSUTreffen18_005.jpg 1024w, https:\/\/www.oldtimer-nrw.net\/wordpress\/wp-content\/uploads\/2018\/04\/AnkNSUTreffen18_005-300x200.jpg 300w, https:\/\/www.oldtimer-nrw.net\/wordpress\/wp-content\/uploads\/2018\/04\/AnkNSUTreffen18_005-768x512.jpg 768w, https:\/\/www.oldtimer-nrw.net\/wordpress\/wp-content\/uploads\/2018\/04\/AnkNSUTreffen18_005-450x300.jpg 450w\" sizes=\"auto, (max-width: 1024px) 100vw, 1024px\" \/><\/a>Die Teilnahmegeb\u00fchr f\u00fcr 2x Camping, Teilnahme am Slalom und der Rennstrecke betr\u00e4gt 65,- Euro. F\u00fcr Zuschauer ist der Eintritt frei.<\/p>\n<p><a href=\"https:\/\/www.oldtimer-nrw.net\/wordpress\/wp-content\/uploads\/2018\/04\/AnkNSUTreffen18_006.jpg\"><img loading=\"lazy\" decoding=\"async\" class=\"aligncenter size-full wp-image-25390\" src=\"https:\/\/www.oldtimer-nrw.net\/wordpress\/wp-content\/uploads\/2018\/04\/AnkNSUTreffen18_006.jpg\" alt=\"\" width=\"1024\" height=\"682\" srcset=\"https:\/\/www.oldtimer-nrw.net\/wordpress\/wp-content\/uploads\/2018\/04\/AnkNSUTreffen18_006.jpg 1024w, https:\/\/www.oldtimer-nrw.net\/wordpress\/wp-content\/uploads\/2018\/04\/AnkNSUTreffen18_006-300x200.jpg 300w, https:\/\/www.oldtimer-nrw.net\/wordpress\/wp-content\/uploads\/2018\/04\/AnkNSUTreffen18_006-768x512.jpg 768w, https:\/\/www.oldtimer-nrw.net\/wordpress\/wp-content\/uploads\/2018\/04\/AnkNSUTreffen18_006-450x300.jpg 450w\" sizes=\"auto, (max-width: 1024px) 100vw, 1024px\" \/><\/a><span style=\"text-decoration: underline;\">Veranstaltungsort:<\/span><br \/>\nRaceway Venray<br \/>\nPeelweg 47<br \/>\n5813 AD Ysselsteyn<span style=\"text-decoration: underline;\"><br \/>\n<\/span><\/p>\n<p>Bei weiteren Fragen wendet Euch bitte direkt an: <a href=\"mailto:friedhelm.pasch@web.de\">friedhelm.pasch@web.de<\/a><br \/>\nLink zu dieser Seite: <a href=\"http:\/\/www.nsutreffen.oldtimer-nrw.net\">www.nsutreffen.oldtimer-nrw.net<\/a><\/p>\n","protected":false},"excerpt":{"rendered":"<p>Dieses Treffen f\u00fcr alle NSU TT und TTS Modelle findet am 06.07.-08.07.2018 auf der legend\u00e4ren Rennstrecke des Raceway Venray in den Niederlanden statt. Eingeladen sind alle NSU der Baureihen &#8222;TT&#8220; und &#8222;TTS&#8220;.<\/p>\n","protected":false},"author":1,"featured_media":25380,"comment_status":"open","ping_status":"open","sticky":false,"template":"","format":"standard","meta":{"footnotes":""},"categories":[1],"tags":[115,58,5,103],"class_list":["post-25378","post","type-post","status-publish","format-standard","has-post-thumbnail","hentry","category-allgemein","tag-115","tag-motorsport","tag-oldtimer","tag-sportwagen"],"yoast_head":"<!-- This site is optimized with the Yoast SEO plugin v27.5 - https:\/\/yoast.com\/product\/yoast-seo-wordpress\/ -->\n<title>Ank\u00fcndigung: Das Campingtreffen f\u00fcr alle NSU TT\/TTS am 06.-08.07.18 - https:\/\/oldtimer-nrw.net<\/title>\n<meta name=\"description\" content=\"Ank\u00fcndigung: Das Campingtreffen f\u00fcr alle NSU TT\/TTS am 06.-08.07.18 - https:\/\/oldtimer-nrw.net - Oldtimer - Youngtimer - Motorsport - Tuning\" \/>\n<meta name=\"robots\" content=\"index, follow, max-snippet:-1, max-image-preview:large, max-video-preview:-1\" \/>\n<link rel=\"canonical\" href=\"https:\/\/www.oldtimer-nrw.net\/wordpress\/ankuendigung-das-campingtreffen-fuer-alle-nsu-tt-tts-am-06-08-07-18\/\" \/>\n<meta property=\"og:locale\" content=\"de_DE\" \/>\n<meta property=\"og:type\" content=\"article\" \/>\n<meta property=\"og:title\" content=\"Ank\u00fcndigung: Das Campingtreffen f\u00fcr alle NSU TT\/TTS am 06.-08.07.18 - https:\/\/oldtimer-nrw.net\" \/>\n<meta property=\"og:description\" content=\"Ank\u00fcndigung: Das Campingtreffen f\u00fcr alle NSU TT\/TTS am 06.-08.07.18 - https:\/\/oldtimer-nrw.net - Oldtimer - Youngtimer - Motorsport - Tuning\" \/>\n<meta property=\"og:url\" content=\"https:\/\/www.oldtimer-nrw.net\/wordpress\/ankuendigung-das-campingtreffen-fuer-alle-nsu-tt-tts-am-06-08-07-18\/\" \/>\n<meta property=\"og:site_name\" content=\"https:\/\/oldtimer-nrw.net\" \/>\n<meta property=\"article:published_time\" content=\"2018-04-26T18:17:29+00:00\" \/>\n<meta property=\"article:modified_time\" content=\"2021-05-03T18:37:41+00:00\" \/>\n<meta property=\"og:image\" content=\"https:\/\/www.oldtimer-nrw.net\/wordpress\/wp-content\/uploads\/2018\/04\/AnkNSUTreffen18_Start.jpg\" \/>\n\t<meta property=\"og:image:width\" content=\"1024\" \/>\n\t<meta property=\"og:image:height\" content=\"576\" \/>\n\t<meta property=\"og:image:type\" content=\"image\/jpeg\" \/>\n<meta name=\"author\" content=\"Christian\" \/>\n<meta name=\"twitter:card\" content=\"summary_large_image\" \/>\n<meta name=\"twitter:label1\" content=\"Verfasst von\" \/>\n\t<meta name=\"twitter:data1\" content=\"Christian\" \/>\n\t<meta name=\"twitter:label2\" content=\"Gesch\u00e4tzte Lesezeit\" \/>\n\t<meta name=\"twitter:data2\" content=\"1\u00a0Minute\" \/>\n<script type=\"application\/ld+json\" class=\"yoast-schema-graph\">{\"@context\":\"https:\\\/\\\/schema.org\",\"@graph\":[{\"@type\":\"Article\",\"@id\":\"https:\\\/\\\/www.oldtimer-nrw.net\\\/wordpress\\\/ankuendigung-das-campingtreffen-fuer-alle-nsu-tt-tts-am-06-08-07-18\\\/#article\",\"isPartOf\":{\"@id\":\"https:\\\/\\\/www.oldtimer-nrw.net\\\/wordpress\\\/ankuendigung-das-campingtreffen-fuer-alle-nsu-tt-tts-am-06-08-07-18\\\/\"},\"author\":{\"name\":\"Christian\",\"@id\":\"https:\\\/\\\/www.oldtimer-nrw.net\\\/wordpress\\\/#\\\/schema\\\/person\\\/fb50b11b23e3a6c83a4fd898edc917d2\"},\"headline\":\"Ank\u00fcndigung: Das Campingtreffen f\u00fcr alle NSU TT\\\/TTS am 06.-08.07.18\",\"datePublished\":\"2018-04-26T18:17:29+00:00\",\"dateModified\":\"2021-05-03T18:37:41+00:00\",\"mainEntityOfPage\":{\"@id\":\"https:\\\/\\\/www.oldtimer-nrw.net\\\/wordpress\\\/ankuendigung-das-campingtreffen-fuer-alle-nsu-tt-tts-am-06-08-07-18\\\/\"},\"wordCount\":153,\"commentCount\":3,\"publisher\":{\"@id\":\"https:\\\/\\\/www.oldtimer-nrw.net\\\/wordpress\\\/#\\\/schema\\\/person\\\/fb50b11b23e3a6c83a4fd898edc917d2\"},\"image\":{\"@id\":\"https:\\\/\\\/www.oldtimer-nrw.net\\\/wordpress\\\/ankuendigung-das-campingtreffen-fuer-alle-nsu-tt-tts-am-06-08-07-18\\\/#primaryimage\"},\"thumbnailUrl\":\"https:\\\/\\\/www.oldtimer-nrw.net\\\/wordpress\\\/wp-content\\\/uploads\\\/2018\\\/04\\\/AnkNSUTreffen18_Start.jpg\",\"keywords\":[\"2018\",\"Motorsport\",\"Oldtimer\",\"Sportwagen\"],\"articleSection\":[\"Neues aus der Redaktion\"],\"inLanguage\":\"de\",\"potentialAction\":[{\"@type\":\"CommentAction\",\"name\":\"Comment\",\"target\":[\"https:\\\/\\\/www.oldtimer-nrw.net\\\/wordpress\\\/ankuendigung-das-campingtreffen-fuer-alle-nsu-tt-tts-am-06-08-07-18\\\/#respond\"]}]},{\"@type\":\"WebPage\",\"@id\":\"https:\\\/\\\/www.oldtimer-nrw.net\\\/wordpress\\\/ankuendigung-das-campingtreffen-fuer-alle-nsu-tt-tts-am-06-08-07-18\\\/\",\"url\":\"https:\\\/\\\/www.oldtimer-nrw.net\\\/wordpress\\\/ankuendigung-das-campingtreffen-fuer-alle-nsu-tt-tts-am-06-08-07-18\\\/\",\"name\":\"Ank\u00fcndigung: Das Campingtreffen f\u00fcr alle NSU TT\\\/TTS am 06.-08.07.18 - https:\\\/\\\/oldtimer-nrw.net\",\"isPartOf\":{\"@id\":\"https:\\\/\\\/www.oldtimer-nrw.net\\\/wordpress\\\/#website\"},\"primaryImageOfPage\":{\"@id\":\"https:\\\/\\\/www.oldtimer-nrw.net\\\/wordpress\\\/ankuendigung-das-campingtreffen-fuer-alle-nsu-tt-tts-am-06-08-07-18\\\/#primaryimage\"},\"image\":{\"@id\":\"https:\\\/\\\/www.oldtimer-nrw.net\\\/wordpress\\\/ankuendigung-das-campingtreffen-fuer-alle-nsu-tt-tts-am-06-08-07-18\\\/#primaryimage\"},\"thumbnailUrl\":\"https:\\\/\\\/www.oldtimer-nrw.net\\\/wordpress\\\/wp-content\\\/uploads\\\/2018\\\/04\\\/AnkNSUTreffen18_Start.jpg\",\"datePublished\":\"2018-04-26T18:17:29+00:00\",\"dateModified\":\"2021-05-03T18:37:41+00:00\",\"description\":\"Ank\u00fcndigung: Das Campingtreffen f\u00fcr alle NSU TT\\\/TTS am 06.-08.07.18 - https:\\\/\\\/oldtimer-nrw.net - Oldtimer - Youngtimer - Motorsport - Tuning\",\"breadcrumb\":{\"@id\":\"https:\\\/\\\/www.oldtimer-nrw.net\\\/wordpress\\\/ankuendigung-das-campingtreffen-fuer-alle-nsu-tt-tts-am-06-08-07-18\\\/#breadcrumb\"},\"inLanguage\":\"de\",\"potentialAction\":[{\"@type\":\"ReadAction\",\"target\":[\"https:\\\/\\\/www.oldtimer-nrw.net\\\/wordpress\\\/ankuendigung-das-campingtreffen-fuer-alle-nsu-tt-tts-am-06-08-07-18\\\/\"]}]},{\"@type\":\"ImageObject\",\"inLanguage\":\"de\",\"@id\":\"https:\\\/\\\/www.oldtimer-nrw.net\\\/wordpress\\\/ankuendigung-das-campingtreffen-fuer-alle-nsu-tt-tts-am-06-08-07-18\\\/#primaryimage\",\"url\":\"https:\\\/\\\/www.oldtimer-nrw.net\\\/wordpress\\\/wp-content\\\/uploads\\\/2018\\\/04\\\/AnkNSUTreffen18_Start.jpg\",\"contentUrl\":\"https:\\\/\\\/www.oldtimer-nrw.net\\\/wordpress\\\/wp-content\\\/uploads\\\/2018\\\/04\\\/AnkNSUTreffen18_Start.jpg\",\"width\":1024,\"height\":576},{\"@type\":\"BreadcrumbList\",\"@id\":\"https:\\\/\\\/www.oldtimer-nrw.net\\\/wordpress\\\/ankuendigung-das-campingtreffen-fuer-alle-nsu-tt-tts-am-06-08-07-18\\\/#breadcrumb\",\"itemListElement\":[{\"@type\":\"ListItem\",\"position\":1,\"name\":\"Startseite\",\"item\":\"https:\\\/\\\/www.oldtimer-nrw.net\\\/wordpress\\\/\"},{\"@type\":\"ListItem\",\"position\":2,\"name\":\"Ank\u00fcndigung: Das Campingtreffen f\u00fcr alle NSU TT\\\/TTS am 06.-08.07.18\"}]},{\"@type\":\"WebSite\",\"@id\":\"https:\\\/\\\/www.oldtimer-nrw.net\\\/wordpress\\\/#website\",\"url\":\"https:\\\/\\\/www.oldtimer-nrw.net\\\/wordpress\\\/\",\"name\":\"https:\\\/\\\/oldtimer-nrw.net\",\"description\":\"Oldtimer * Youngtimer * Motorsport * Tuning\",\"publisher\":{\"@id\":\"https:\\\/\\\/www.oldtimer-nrw.net\\\/wordpress\\\/#\\\/schema\\\/person\\\/fb50b11b23e3a6c83a4fd898edc917d2\"},\"potentialAction\":[{\"@type\":\"SearchAction\",\"target\":{\"@type\":\"EntryPoint\",\"urlTemplate\":\"https:\\\/\\\/www.oldtimer-nrw.net\\\/wordpress\\\/?s={search_term_string}\"},\"query-input\":{\"@type\":\"PropertyValueSpecification\",\"valueRequired\":true,\"valueName\":\"search_term_string\"}}],\"inLanguage\":\"de\"},{\"@type\":[\"Person\",\"Organization\"],\"@id\":\"https:\\\/\\\/www.oldtimer-nrw.net\\\/wordpress\\\/#\\\/schema\\\/person\\\/fb50b11b23e3a6c83a4fd898edc917d2\",\"name\":\"Christian\",\"image\":{\"@type\":\"ImageObject\",\"inLanguage\":\"de\",\"@id\":\"https:\\\/\\\/secure.gravatar.com\\\/avatar\\\/148f254835bad72a5e34fb2e88fd867e0462b5d2a298d42fc7b1ba157f1c2c1d?s=96&d=mm&r=g\",\"url\":\"https:\\\/\\\/secure.gravatar.com\\\/avatar\\\/148f254835bad72a5e34fb2e88fd867e0462b5d2a298d42fc7b1ba157f1c2c1d?s=96&d=mm&r=g\",\"contentUrl\":\"https:\\\/\\\/secure.gravatar.com\\\/avatar\\\/148f254835bad72a5e34fb2e88fd867e0462b5d2a298d42fc7b1ba157f1c2c1d?s=96&d=mm&r=g\",\"caption\":\"Christian\"},\"logo\":{\"@id\":\"https:\\\/\\\/secure.gravatar.com\\\/avatar\\\/148f254835bad72a5e34fb2e88fd867e0462b5d2a298d42fc7b1ba157f1c2c1d?s=96&d=mm&r=g\"},\"sameAs\":[\"https:\\\/\\\/www.oldtimer-nrw.net\"]}]}<\/script>\n<!-- \/ Yoast SEO plugin. -->","yoast_head_json":{"title":"Ank\u00fcndigung: Das Campingtreffen f\u00fcr alle NSU TT\/TTS am 06.-08.07.18 - https:\/\/oldtimer-nrw.net","description":"Ank\u00fcndigung: Das Campingtreffen f\u00fcr alle NSU TT\/TTS am 06.-08.07.18 - https:\/\/oldtimer-nrw.net - Oldtimer - Youngtimer - Motorsport - Tuning","robots":{"index":"index","follow":"follow","max-snippet":"max-snippet:-1","max-image-preview":"max-image-preview:large","max-video-preview":"max-video-preview:-1"},"canonical":"https:\/\/www.oldtimer-nrw.net\/wordpress\/ankuendigung-das-campingtreffen-fuer-alle-nsu-tt-tts-am-06-08-07-18\/","og_locale":"de_DE","og_type":"article","og_title":"Ank\u00fcndigung: Das Campingtreffen f\u00fcr alle NSU TT\/TTS am 06.-08.07.18 - https:\/\/oldtimer-nrw.net","og_description":"Ank\u00fcndigung: Das Campingtreffen f\u00fcr alle NSU TT\/TTS am 06.-08.07.18 - https:\/\/oldtimer-nrw.net - Oldtimer - Youngtimer - Motorsport - Tuning","og_url":"https:\/\/www.oldtimer-nrw.net\/wordpress\/ankuendigung-das-campingtreffen-fuer-alle-nsu-tt-tts-am-06-08-07-18\/","og_site_name":"https:\/\/oldtimer-nrw.net","article_published_time":"2018-04-26T18:17:29+00:00","article_modified_time":"2021-05-03T18:37:41+00:00","og_image":[{"width":1024,"height":576,"url":"https:\/\/www.oldtimer-nrw.net\/wordpress\/wp-content\/uploads\/2018\/04\/AnkNSUTreffen18_Start.jpg","type":"image\/jpeg"}],"author":"Christian","twitter_card":"summary_large_image","twitter_misc":{"Verfasst von":"Christian","Gesch\u00e4tzte Lesezeit":"1\u00a0Minute"},"schema":{"@context":"https:\/\/schema.org","@graph":[{"@type":"Article","@id":"https:\/\/www.oldtimer-nrw.net\/wordpress\/ankuendigung-das-campingtreffen-fuer-alle-nsu-tt-tts-am-06-08-07-18\/#article","isPartOf":{"@id":"https:\/\/www.oldtimer-nrw.net\/wordpress\/ankuendigung-das-campingtreffen-fuer-alle-nsu-tt-tts-am-06-08-07-18\/"},"author":{"name":"Christian","@id":"https:\/\/www.oldtimer-nrw.net\/wordpress\/#\/schema\/person\/fb50b11b23e3a6c83a4fd898edc917d2"},"headline":"Ank\u00fcndigung: Das Campingtreffen f\u00fcr alle NSU TT\/TTS am 06.-08.07.18","datePublished":"2018-04-26T18:17:29+00:00","dateModified":"2021-05-03T18:37:41+00:00","mainEntityOfPage":{"@id":"https:\/\/www.oldtimer-nrw.net\/wordpress\/ankuendigung-das-campingtreffen-fuer-alle-nsu-tt-tts-am-06-08-07-18\/"},"wordCount":153,"commentCount":3,"publisher":{"@id":"https:\/\/www.oldtimer-nrw.net\/wordpress\/#\/schema\/person\/fb50b11b23e3a6c83a4fd898edc917d2"},"image":{"@id":"https:\/\/www.oldtimer-nrw.net\/wordpress\/ankuendigung-das-campingtreffen-fuer-alle-nsu-tt-tts-am-06-08-07-18\/#primaryimage"},"thumbnailUrl":"https:\/\/www.oldtimer-nrw.net\/wordpress\/wp-content\/uploads\/2018\/04\/AnkNSUTreffen18_Start.jpg","keywords":["2018","Motorsport","Oldtimer","Sportwagen"],"articleSection":["Neues aus der Redaktion"],"inLanguage":"de","potentialAction":[{"@type":"CommentAction","name":"Comment","target":["https:\/\/www.oldtimer-nrw.net\/wordpress\/ankuendigung-das-campingtreffen-fuer-alle-nsu-tt-tts-am-06-08-07-18\/#respond"]}]},{"@type":"WebPage","@id":"https:\/\/www.oldtimer-nrw.net\/wordpress\/ankuendigung-das-campingtreffen-fuer-alle-nsu-tt-tts-am-06-08-07-18\/","url":"https:\/\/www.oldtimer-nrw.net\/wordpress\/ankuendigung-das-campingtreffen-fuer-alle-nsu-tt-tts-am-06-08-07-18\/","name":"Ank\u00fcndigung: Das Campingtreffen f\u00fcr alle NSU TT\/TTS am 06.-08.07.18 - https:\/\/oldtimer-nrw.net","isPartOf":{"@id":"https:\/\/www.oldtimer-nrw.net\/wordpress\/#website"},"primaryImageOfPage":{"@id":"https:\/\/www.oldtimer-nrw.net\/wordpress\/ankuendigung-das-campingtreffen-fuer-alle-nsu-tt-tts-am-06-08-07-18\/#primaryimage"},"image":{"@id":"https:\/\/www.oldtimer-nrw.net\/wordpress\/ankuendigung-das-campingtreffen-fuer-alle-nsu-tt-tts-am-06-08-07-18\/#primaryimage"},"thumbnailUrl":"https:\/\/www.oldtimer-nrw.net\/wordpress\/wp-content\/uploads\/2018\/04\/AnkNSUTreffen18_Start.jpg","datePublished":"2018-04-26T18:17:29+00:00","dateModified":"2021-05-03T18:37:41+00:00","description":"Ank\u00fcndigung: Das Campingtreffen f\u00fcr alle NSU TT\/TTS am 06.-08.07.18 - https:\/\/oldtimer-nrw.net - Oldtimer - Youngtimer - Motorsport - Tuning","breadcrumb":{"@id":"https:\/\/www.oldtimer-nrw.net\/wordpress\/ankuendigung-das-campingtreffen-fuer-alle-nsu-tt-tts-am-06-08-07-18\/#breadcrumb"},"inLanguage":"de","potentialAction":[{"@type":"ReadAction","target":["https:\/\/www.oldtimer-nrw.net\/wordpress\/ankuendigung-das-campingtreffen-fuer-alle-nsu-tt-tts-am-06-08-07-18\/"]}]},{"@type":"ImageObject","inLanguage":"de","@id":"https:\/\/www.oldtimer-nrw.net\/wordpress\/ankuendigung-das-campingtreffen-fuer-alle-nsu-tt-tts-am-06-08-07-18\/#primaryimage","url":"https:\/\/www.oldtimer-nrw.net\/wordpress\/wp-content\/uploads\/2018\/04\/AnkNSUTreffen18_Start.jpg","contentUrl":"https:\/\/www.oldtimer-nrw.net\/wordpress\/wp-content\/uploads\/2018\/04\/AnkNSUTreffen18_Start.jpg","width":1024,"height":576},{"@type":"BreadcrumbList","@id":"https:\/\/www.oldtimer-nrw.net\/wordpress\/ankuendigung-das-campingtreffen-fuer-alle-nsu-tt-tts-am-06-08-07-18\/#breadcrumb","itemListElement":[{"@type":"ListItem","position":1,"name":"Startseite","item":"https:\/\/www.oldtimer-nrw.net\/wordpress\/"},{"@type":"ListItem","position":2,"name":"Ank\u00fcndigung: Das Campingtreffen f\u00fcr alle NSU TT\/TTS am 06.-08.07.18"}]},{"@type":"WebSite","@id":"https:\/\/www.oldtimer-nrw.net\/wordpress\/#website","url":"https:\/\/www.oldtimer-nrw.net\/wordpress\/","name":"https:\/\/oldtimer-nrw.net","description":"Oldtimer * Youngtimer * Motorsport * Tuning","publisher":{"@id":"https:\/\/www.oldtimer-nrw.net\/wordpress\/#\/schema\/person\/fb50b11b23e3a6c83a4fd898edc917d2"},"potentialAction":[{"@type":"SearchAction","target":{"@type":"EntryPoint","urlTemplate":"https:\/\/www.oldtimer-nrw.net\/wordpress\/?s={search_term_string}"},"query-input":{"@type":"PropertyValueSpecification","valueRequired":true,"valueName":"search_term_string"}}],"inLanguage":"de"},{"@type":["Person","Organization"],"@id":"https:\/\/www.oldtimer-nrw.net\/wordpress\/#\/schema\/person\/fb50b11b23e3a6c83a4fd898edc917d2","name":"Christian","image":{"@type":"ImageObject","inLanguage":"de","@id":"https:\/\/secure.gravatar.com\/avatar\/148f254835bad72a5e34fb2e88fd867e0462b5d2a298d42fc7b1ba157f1c2c1d?s=96&d=mm&r=g","url":"https:\/\/secure.gravatar.com\/avatar\/148f254835bad72a5e34fb2e88fd867e0462b5d2a298d42fc7b1ba157f1c2c1d?s=96&d=mm&r=g","contentUrl":"https:\/\/secure.gravatar.com\/avatar\/148f254835bad72a5e34fb2e88fd867e0462b5d2a298d42fc7b1ba157f1c2c1d?s=96&d=mm&r=g","caption":"Christian"},"logo":{"@id":"https:\/\/secure.gravatar.com\/avatar\/148f254835bad72a5e34fb2e88fd867e0462b5d2a298d42fc7b1ba157f1c2c1d?s=96&d=mm&r=g"},"sameAs":["https:\/\/www.oldtimer-nrw.net"]}]}},"_links":{"self":[{"href":"https:\/\/www.oldtimer-nrw.net\/wordpress\/wp-json\/wp\/v2\/posts\/25378","targetHints":{"allow":["GET"]}}],"collection":[{"href":"https:\/\/www.oldtimer-nrw.net\/wordpress\/wp-json\/wp\/v2\/posts"}],"about":[{"href":"https:\/\/www.oldtimer-nrw.net\/wordpress\/wp-json\/wp\/v2\/types\/post"}],"author":[{"embeddable":true,"href":"https:\/\/www.oldtimer-nrw.net\/wordpress\/wp-json\/wp\/v2\/users\/1"}],"replies":[{"embeddable":true,"href":"https:\/\/www.oldtimer-nrw.net\/wordpress\/wp-json\/wp\/v2\/comments?post=25378"}],"version-history":[{"count":0,"href":"https:\/\/www.oldtimer-nrw.net\/wordpress\/wp-json\/wp\/v2\/posts\/25378\/revisions"}],"wp:featuredmedia":[{"embeddable":true,"href":"https:\/\/www.oldtimer-nrw.net\/wordpress\/wp-json\/wp\/v2\/media\/25380"}],"wp:attachment":[{"href":"https:\/\/www.oldtimer-nrw.net\/wordpress\/wp-json\/wp\/v2\/media?parent=25378"}],"wp:term":[{"taxonomy":"category","embeddable":true,"href":"https:\/\/www.oldtimer-nrw.net\/wordpress\/wp-json\/wp\/v2\/categories?post=25378"},{"taxonomy":"post_tag","embeddable":true,"href":"https:\/\/www.oldtimer-nrw.net\/wordpress\/wp-json\/wp\/v2\/tags?post=25378"}],"curies":[{"name":"wp","href":"https:\/\/api.w.org\/{rel}","templated":true}]}}