{"id":18823,"date":"2016-10-27T14:55:54","date_gmt":"2016-10-27T12:55:54","guid":{"rendered":"http:\/\/www.oldtimer-nrw.net\/wordpress\/?p=18823"},"modified":"2021-05-03T19:47:21","modified_gmt":"2021-05-03T18:47:21","slug":"meine-schoensten-bilder-von-2017-fuer-den-kalender","status":"publish","type":"post","link":"https:\/\/www.oldtimer-nrw.net\/wordpress\/meine-schoensten-bilder-von-2017-fuer-den-kalender\/","title":{"rendered":"Die sch\u00f6nsten Bilder des Jahres 2016"},"content":{"rendered":"<p><a href=\"https:\/\/www.oldtimer-nrw.net\/wordpress\/wp-content\/uploads\/2016\/10\/Bestof2016_Start.jpg\"><img loading=\"lazy\" decoding=\"async\" class=\"aligncenter size-full wp-image-18824\" src=\"https:\/\/www.oldtimer-nrw.net\/wordpress\/wp-content\/uploads\/2016\/10\/Bestof2016_Start.jpg\" alt=\"bestof2016_start\" width=\"1024\" height=\"576\" srcset=\"https:\/\/www.oldtimer-nrw.net\/wordpress\/wp-content\/uploads\/2016\/10\/Bestof2016_Start.jpg 1024w, https:\/\/www.oldtimer-nrw.net\/wordpress\/wp-content\/uploads\/2016\/10\/Bestof2016_Start-300x169.jpg 300w, https:\/\/www.oldtimer-nrw.net\/wordpress\/wp-content\/uploads\/2016\/10\/Bestof2016_Start-768x432.jpg 768w, https:\/\/www.oldtimer-nrw.net\/wordpress\/wp-content\/uploads\/2016\/10\/Bestof2016_Start-840x473.jpg 840w, https:\/\/www.oldtimer-nrw.net\/wordpress\/wp-content\/uploads\/2016\/10\/Bestof2016_Start-600x338.jpg 600w, https:\/\/www.oldtimer-nrw.net\/wordpress\/wp-content\/uploads\/2016\/10\/Bestof2016_Start-144x81.jpg 144w\" sizes=\"auto, (max-width: 1024px) 100vw, 1024px\" \/><\/a>Jedes Jahr lasse ich mir aus den besten Bildern des Jahres einen eigenen Kalender f\u00fcr die Redaktion fertigen. Und da es so langsam immer schwieriger wird an &#8222;frische Bilder&#8220; zu kommen, lasse ich Euch einfach mal dran teilhaben.<\/p>\n<p><!--more--><\/p>\n<p>Es kommt nicht h\u00e4ufig vor, dass ich Bilder wie diese machen kann, da ich in vielen F\u00e4llen die Umst\u00e4nde auf den Veranstaltungen als so gegeben hinnehmen muss. Aber manchmal hilft das Gl\u00fcck etwas nach und dann passt idealerweise das gesamte &#8222;drumherum&#8220;. Im Idealfall steht das Auto frei von anderen Autos und Besuchern, die Sonne kommt aus der richtigen Richtung und es existiert ein sch\u00f6ner Hintergrund.<\/p>\n<p>Dies sind dann die Bilder, die richtig Spass machen und bei denen es sich lohnt einen gro\u00dfen DIN A2 Kalender fertigen zu lassen. Ich bin zwar nur ein Hobbyknipser, aber ich hoffe einige gelungene Fotos sind doch schon dabei? Ich bin aber auch gerne f\u00fcr etwaige Kritik offen. Was kann man besser machen? Wo gibts noch Nachholbedarf?<\/p>\n<p>Bei der Gelegenheit m\u00f6chte ich nochmal erw\u00e4hnen, das ich alle Bilder gerne den Besitzern der Fahrzeuge kostenlos zusende. Schreibt mir einfach \u00fcber das Kontaktformular und teilt mir mit, welches Ihr haben m\u00f6chtet. Gerne kann man mich aber auch auf Veranstaltungen ansprechen und dann schaut man mal, ob sich in der N\u00e4he ein geeignetes Pl\u00e4tzchen befindet um ein paar Bilder unter idealen Bedingungen zu machen.<\/p>\n<p><a href=\"https:\/\/www.oldtimer-nrw.net\/wordpress\/wp-content\/uploads\/2016\/10\/Kalender01.jpg\"> <img loading=\"lazy\" decoding=\"async\" class=\"aligncenter size-full wp-image-18825\" src=\"https:\/\/www.oldtimer-nrw.net\/wordpress\/wp-content\/uploads\/2016\/10\/Kalender01.jpg\" alt=\"kalender01\" width=\"1024\" height=\"576\" srcset=\"https:\/\/www.oldtimer-nrw.net\/wordpress\/wp-content\/uploads\/2016\/10\/Kalender01.jpg 1024w, https:\/\/www.oldtimer-nrw.net\/wordpress\/wp-content\/uploads\/2016\/10\/Kalender01-300x169.jpg 300w, https:\/\/www.oldtimer-nrw.net\/wordpress\/wp-content\/uploads\/2016\/10\/Kalender01-768x432.jpg 768w, https:\/\/www.oldtimer-nrw.net\/wordpress\/wp-content\/uploads\/2016\/10\/Kalender01-500x281.jpg 500w\" sizes=\"auto, (max-width: 1024px) 100vw, 1024px\" \/><\/a> <a href=\"https:\/\/www.oldtimer-nrw.net\/wordpress\/wp-content\/uploads\/2016\/10\/Kalender02.jpg\"><img loading=\"lazy\" decoding=\"async\" class=\"aligncenter size-full wp-image-18826\" src=\"https:\/\/www.oldtimer-nrw.net\/wordpress\/wp-content\/uploads\/2016\/10\/Kalender02.jpg\" alt=\"kalender02\" width=\"1024\" height=\"576\" srcset=\"https:\/\/www.oldtimer-nrw.net\/wordpress\/wp-content\/uploads\/2016\/10\/Kalender02.jpg 1024w, https:\/\/www.oldtimer-nrw.net\/wordpress\/wp-content\/uploads\/2016\/10\/Kalender02-300x169.jpg 300w, https:\/\/www.oldtimer-nrw.net\/wordpress\/wp-content\/uploads\/2016\/10\/Kalender02-768x432.jpg 768w, https:\/\/www.oldtimer-nrw.net\/wordpress\/wp-content\/uploads\/2016\/10\/Kalender02-500x281.jpg 500w\" sizes=\"auto, (max-width: 1024px) 100vw, 1024px\" \/><\/a> <a href=\"https:\/\/www.oldtimer-nrw.net\/wordpress\/wp-content\/uploads\/2016\/10\/Kalender03.jpg\"><img loading=\"lazy\" decoding=\"async\" class=\"aligncenter size-full wp-image-18827\" src=\"https:\/\/www.oldtimer-nrw.net\/wordpress\/wp-content\/uploads\/2016\/10\/Kalender03.jpg\" alt=\"kalender03\" width=\"1024\" height=\"576\" srcset=\"https:\/\/www.oldtimer-nrw.net\/wordpress\/wp-content\/uploads\/2016\/10\/Kalender03.jpg 1024w, https:\/\/www.oldtimer-nrw.net\/wordpress\/wp-content\/uploads\/2016\/10\/Kalender03-300x169.jpg 300w, https:\/\/www.oldtimer-nrw.net\/wordpress\/wp-content\/uploads\/2016\/10\/Kalender03-768x432.jpg 768w, https:\/\/www.oldtimer-nrw.net\/wordpress\/wp-content\/uploads\/2016\/10\/Kalender03-500x281.jpg 500w\" sizes=\"auto, (max-width: 1024px) 100vw, 1024px\" \/><\/a> <a href=\"https:\/\/www.oldtimer-nrw.net\/wordpress\/wp-content\/uploads\/2016\/10\/Kalender04.jpg\"><img loading=\"lazy\" decoding=\"async\" class=\"aligncenter size-full wp-image-18828\" src=\"https:\/\/www.oldtimer-nrw.net\/wordpress\/wp-content\/uploads\/2016\/10\/Kalender04.jpg\" alt=\"kalender04\" width=\"1024\" height=\"576\" srcset=\"https:\/\/www.oldtimer-nrw.net\/wordpress\/wp-content\/uploads\/2016\/10\/Kalender04.jpg 1024w, https:\/\/www.oldtimer-nrw.net\/wordpress\/wp-content\/uploads\/2016\/10\/Kalender04-300x169.jpg 300w, https:\/\/www.oldtimer-nrw.net\/wordpress\/wp-content\/uploads\/2016\/10\/Kalender04-768x432.jpg 768w, https:\/\/www.oldtimer-nrw.net\/wordpress\/wp-content\/uploads\/2016\/10\/Kalender04-500x281.jpg 500w\" sizes=\"auto, (max-width: 1024px) 100vw, 1024px\" \/><\/a> <a href=\"https:\/\/www.oldtimer-nrw.net\/wordpress\/wp-content\/uploads\/2016\/10\/Kalender05.jpg\"><img loading=\"lazy\" decoding=\"async\" class=\"aligncenter size-full wp-image-18829\" src=\"https:\/\/www.oldtimer-nrw.net\/wordpress\/wp-content\/uploads\/2016\/10\/Kalender05.jpg\" alt=\"kalender05\" width=\"1024\" height=\"576\" srcset=\"https:\/\/www.oldtimer-nrw.net\/wordpress\/wp-content\/uploads\/2016\/10\/Kalender05.jpg 1024w, https:\/\/www.oldtimer-nrw.net\/wordpress\/wp-content\/uploads\/2016\/10\/Kalender05-300x169.jpg 300w, https:\/\/www.oldtimer-nrw.net\/wordpress\/wp-content\/uploads\/2016\/10\/Kalender05-768x432.jpg 768w, https:\/\/www.oldtimer-nrw.net\/wordpress\/wp-content\/uploads\/2016\/10\/Kalender05-500x281.jpg 500w\" sizes=\"auto, (max-width: 1024px) 100vw, 1024px\" \/><\/a> <a href=\"https:\/\/www.oldtimer-nrw.net\/wordpress\/wp-content\/uploads\/2016\/10\/Kalender06.jpg\"><img loading=\"lazy\" decoding=\"async\" class=\"aligncenter size-full wp-image-18830\" src=\"https:\/\/www.oldtimer-nrw.net\/wordpress\/wp-content\/uploads\/2016\/10\/Kalender06.jpg\" alt=\"kalender06\" width=\"1024\" height=\"576\" srcset=\"https:\/\/www.oldtimer-nrw.net\/wordpress\/wp-content\/uploads\/2016\/10\/Kalender06.jpg 1024w, https:\/\/www.oldtimer-nrw.net\/wordpress\/wp-content\/uploads\/2016\/10\/Kalender06-300x169.jpg 300w, https:\/\/www.oldtimer-nrw.net\/wordpress\/wp-content\/uploads\/2016\/10\/Kalender06-768x432.jpg 768w, https:\/\/www.oldtimer-nrw.net\/wordpress\/wp-content\/uploads\/2016\/10\/Kalender06-500x281.jpg 500w\" sizes=\"auto, (max-width: 1024px) 100vw, 1024px\" \/><\/a> <a href=\"https:\/\/www.oldtimer-nrw.net\/wordpress\/wp-content\/uploads\/2016\/10\/Kalender07.jpg\"><img loading=\"lazy\" decoding=\"async\" class=\"aligncenter size-full wp-image-18831\" src=\"https:\/\/www.oldtimer-nrw.net\/wordpress\/wp-content\/uploads\/2016\/10\/Kalender07.jpg\" alt=\"kalender07\" width=\"1024\" height=\"576\" srcset=\"https:\/\/www.oldtimer-nrw.net\/wordpress\/wp-content\/uploads\/2016\/10\/Kalender07.jpg 1024w, https:\/\/www.oldtimer-nrw.net\/wordpress\/wp-content\/uploads\/2016\/10\/Kalender07-300x169.jpg 300w, https:\/\/www.oldtimer-nrw.net\/wordpress\/wp-content\/uploads\/2016\/10\/Kalender07-768x432.jpg 768w, https:\/\/www.oldtimer-nrw.net\/wordpress\/wp-content\/uploads\/2016\/10\/Kalender07-500x281.jpg 500w\" sizes=\"auto, (max-width: 1024px) 100vw, 1024px\" \/><\/a> <a href=\"https:\/\/www.oldtimer-nrw.net\/wordpress\/wp-content\/uploads\/2016\/10\/Kalender08.jpg\"><img loading=\"lazy\" decoding=\"async\" class=\"aligncenter size-full wp-image-18832\" src=\"https:\/\/www.oldtimer-nrw.net\/wordpress\/wp-content\/uploads\/2016\/10\/Kalender08.jpg\" alt=\"kalender08\" width=\"1024\" height=\"576\" srcset=\"https:\/\/www.oldtimer-nrw.net\/wordpress\/wp-content\/uploads\/2016\/10\/Kalender08.jpg 1024w, https:\/\/www.oldtimer-nrw.net\/wordpress\/wp-content\/uploads\/2016\/10\/Kalender08-300x169.jpg 300w, https:\/\/www.oldtimer-nrw.net\/wordpress\/wp-content\/uploads\/2016\/10\/Kalender08-768x432.jpg 768w, https:\/\/www.oldtimer-nrw.net\/wordpress\/wp-content\/uploads\/2016\/10\/Kalender08-500x281.jpg 500w\" sizes=\"auto, (max-width: 1024px) 100vw, 1024px\" \/><\/a> <a href=\"https:\/\/www.oldtimer-nrw.net\/wordpress\/wp-content\/uploads\/2016\/10\/Kalender09.jpg\"><img loading=\"lazy\" decoding=\"async\" class=\"aligncenter size-full wp-image-18833\" src=\"https:\/\/www.oldtimer-nrw.net\/wordpress\/wp-content\/uploads\/2016\/10\/Kalender09.jpg\" alt=\"kalender09\" width=\"1024\" height=\"576\" srcset=\"https:\/\/www.oldtimer-nrw.net\/wordpress\/wp-content\/uploads\/2016\/10\/Kalender09.jpg 1024w, https:\/\/www.oldtimer-nrw.net\/wordpress\/wp-content\/uploads\/2016\/10\/Kalender09-300x169.jpg 300w, https:\/\/www.oldtimer-nrw.net\/wordpress\/wp-content\/uploads\/2016\/10\/Kalender09-768x432.jpg 768w, https:\/\/www.oldtimer-nrw.net\/wordpress\/wp-content\/uploads\/2016\/10\/Kalender09-500x281.jpg 500w\" sizes=\"auto, (max-width: 1024px) 100vw, 1024px\" \/><\/a> <a href=\"https:\/\/www.oldtimer-nrw.net\/wordpress\/wp-content\/uploads\/2016\/10\/Kalender10.jpg\"><img loading=\"lazy\" decoding=\"async\" class=\"aligncenter size-full wp-image-18834\" src=\"https:\/\/www.oldtimer-nrw.net\/wordpress\/wp-content\/uploads\/2016\/10\/Kalender10.jpg\" alt=\"kalender10\" width=\"1024\" height=\"576\" srcset=\"https:\/\/www.oldtimer-nrw.net\/wordpress\/wp-content\/uploads\/2016\/10\/Kalender10.jpg 1024w, https:\/\/www.oldtimer-nrw.net\/wordpress\/wp-content\/uploads\/2016\/10\/Kalender10-300x169.jpg 300w, https:\/\/www.oldtimer-nrw.net\/wordpress\/wp-content\/uploads\/2016\/10\/Kalender10-768x432.jpg 768w, https:\/\/www.oldtimer-nrw.net\/wordpress\/wp-content\/uploads\/2016\/10\/Kalender10-500x281.jpg 500w\" sizes=\"auto, (max-width: 1024px) 100vw, 1024px\" \/><\/a> <a href=\"https:\/\/www.oldtimer-nrw.net\/wordpress\/wp-content\/uploads\/2016\/10\/Kalender11.jpg\"><img loading=\"lazy\" decoding=\"async\" class=\"aligncenter size-full wp-image-18835\" src=\"https:\/\/www.oldtimer-nrw.net\/wordpress\/wp-content\/uploads\/2016\/10\/Kalender11.jpg\" alt=\"kalender11\" width=\"1024\" height=\"576\" srcset=\"https:\/\/www.oldtimer-nrw.net\/wordpress\/wp-content\/uploads\/2016\/10\/Kalender11.jpg 1024w, https:\/\/www.oldtimer-nrw.net\/wordpress\/wp-content\/uploads\/2016\/10\/Kalender11-300x169.jpg 300w, https:\/\/www.oldtimer-nrw.net\/wordpress\/wp-content\/uploads\/2016\/10\/Kalender11-768x432.jpg 768w, https:\/\/www.oldtimer-nrw.net\/wordpress\/wp-content\/uploads\/2016\/10\/Kalender11-500x281.jpg 500w\" sizes=\"auto, (max-width: 1024px) 100vw, 1024px\" \/><\/a> <a href=\"https:\/\/www.oldtimer-nrw.net\/wordpress\/wp-content\/uploads\/2016\/10\/Kalender12.jpg\"><img loading=\"lazy\" decoding=\"async\" class=\"aligncenter size-full wp-image-18836\" src=\"https:\/\/www.oldtimer-nrw.net\/wordpress\/wp-content\/uploads\/2016\/10\/Kalender12.jpg\" alt=\"kalender12\" width=\"1024\" height=\"576\" srcset=\"https:\/\/www.oldtimer-nrw.net\/wordpress\/wp-content\/uploads\/2016\/10\/Kalender12.jpg 1024w, https:\/\/www.oldtimer-nrw.net\/wordpress\/wp-content\/uploads\/2016\/10\/Kalender12-300x169.jpg 300w, https:\/\/www.oldtimer-nrw.net\/wordpress\/wp-content\/uploads\/2016\/10\/Kalender12-768x432.jpg 768w, https:\/\/www.oldtimer-nrw.net\/wordpress\/wp-content\/uploads\/2016\/10\/Kalender12-500x281.jpg 500w\" sizes=\"auto, (max-width: 1024px) 100vw, 1024px\" \/><\/a><\/p>\n","protected":false},"excerpt":{"rendered":"<p>Jedes Jahr lasse ich mir aus den besten Bildern des Jahres einen eigenen Kalender f\u00fcr die Redaktion fertigen. Und da es so langsam immer schwieriger wird an &#8222;frische Bilder&#8220; zu kommen, lasse ich Euch einfach &hellip;<\/p>\n","protected":false},"author":1,"featured_media":18824,"comment_status":"open","ping_status":"open","sticky":false,"template":"","format":"standard","meta":{"footnotes":""},"categories":[1],"tags":[102,83,58,5,70],"class_list":["post-18823","post","type-post","status-publish","format-standard","has-post-thumbnail","hentry","category-allgemein","tag-102","tag-messe","tag-motorsport","tag-oldtimer","tag-youngtimer"],"yoast_head":"<!-- This site is optimized with the Yoast SEO plugin v27.4 - https:\/\/yoast.com\/product\/yoast-seo-wordpress\/ -->\n<title>Die sch\u00f6nsten Bilder des Jahres 2016 - https:\/\/oldtimer-nrw.net<\/title>\n<meta name=\"description\" content=\"Die sch\u00f6nsten Bilder des Jahres 2016 - https:\/\/oldtimer-nrw.net - Oldtimer - Youngtimer - Motorsport - Tuning\" \/>\n<meta name=\"robots\" content=\"index, follow, max-snippet:-1, max-image-preview:large, max-video-preview:-1\" \/>\n<link rel=\"canonical\" href=\"https:\/\/www.oldtimer-nrw.net\/wordpress\/meine-schoensten-bilder-von-2017-fuer-den-kalender\/\" \/>\n<meta property=\"og:locale\" content=\"de_DE\" \/>\n<meta property=\"og:type\" content=\"article\" \/>\n<meta property=\"og:title\" content=\"Die sch\u00f6nsten Bilder des Jahres 2016 - https:\/\/oldtimer-nrw.net\" \/>\n<meta property=\"og:description\" content=\"Die sch\u00f6nsten Bilder des Jahres 2016 - https:\/\/oldtimer-nrw.net - Oldtimer - Youngtimer - Motorsport - Tuning\" \/>\n<meta property=\"og:url\" content=\"https:\/\/www.oldtimer-nrw.net\/wordpress\/meine-schoensten-bilder-von-2017-fuer-den-kalender\/\" \/>\n<meta property=\"og:site_name\" content=\"https:\/\/oldtimer-nrw.net\" \/>\n<meta property=\"article:published_time\" content=\"2016-10-27T12:55:54+00:00\" \/>\n<meta property=\"article:modified_time\" content=\"2021-05-03T18:47:21+00:00\" \/>\n<meta property=\"og:image\" content=\"https:\/\/www.oldtimer-nrw.net\/wordpress\/wp-content\/uploads\/2016\/10\/Bestof2016_Start.jpg\" \/>\n\t<meta property=\"og:image:width\" content=\"1024\" \/>\n\t<meta property=\"og:image:height\" content=\"576\" \/>\n\t<meta property=\"og:image:type\" content=\"image\/jpeg\" \/>\n<meta name=\"author\" content=\"Christian\" \/>\n<meta name=\"twitter:card\" content=\"summary_large_image\" \/>\n<meta name=\"twitter:label1\" content=\"Verfasst von\" \/>\n\t<meta name=\"twitter:data1\" content=\"Christian\" \/>\n\t<meta name=\"twitter:label2\" content=\"Gesch\u00e4tzte Lesezeit\" \/>\n\t<meta name=\"twitter:data2\" content=\"1\u00a0Minute\" \/>\n<script type=\"application\/ld+json\" class=\"yoast-schema-graph\">{\"@context\":\"https:\\\/\\\/schema.org\",\"@graph\":[{\"@type\":\"Article\",\"@id\":\"https:\\\/\\\/www.oldtimer-nrw.net\\\/wordpress\\\/meine-schoensten-bilder-von-2017-fuer-den-kalender\\\/#article\",\"isPartOf\":{\"@id\":\"https:\\\/\\\/www.oldtimer-nrw.net\\\/wordpress\\\/meine-schoensten-bilder-von-2017-fuer-den-kalender\\\/\"},\"author\":{\"name\":\"Christian\",\"@id\":\"https:\\\/\\\/www.oldtimer-nrw.net\\\/wordpress\\\/#\\\/schema\\\/person\\\/fb50b11b23e3a6c83a4fd898edc917d2\"},\"headline\":\"Die sch\u00f6nsten Bilder des Jahres 2016\",\"datePublished\":\"2016-10-27T12:55:54+00:00\",\"dateModified\":\"2021-05-03T18:47:21+00:00\",\"mainEntityOfPage\":{\"@id\":\"https:\\\/\\\/www.oldtimer-nrw.net\\\/wordpress\\\/meine-schoensten-bilder-von-2017-fuer-den-kalender\\\/\"},\"wordCount\":243,\"commentCount\":3,\"publisher\":{\"@id\":\"https:\\\/\\\/www.oldtimer-nrw.net\\\/wordpress\\\/#\\\/schema\\\/person\\\/fb50b11b23e3a6c83a4fd898edc917d2\"},\"image\":{\"@id\":\"https:\\\/\\\/www.oldtimer-nrw.net\\\/wordpress\\\/meine-schoensten-bilder-von-2017-fuer-den-kalender\\\/#primaryimage\"},\"thumbnailUrl\":\"https:\\\/\\\/www.oldtimer-nrw.net\\\/wordpress\\\/wp-content\\\/uploads\\\/2016\\\/10\\\/Bestof2016_Start.jpg\",\"keywords\":[\"2016\",\"Messe\",\"Motorsport\",\"Oldtimer\",\"Youngtimer\"],\"articleSection\":[\"Neues aus der Redaktion\"],\"inLanguage\":\"de\",\"potentialAction\":[{\"@type\":\"CommentAction\",\"name\":\"Comment\",\"target\":[\"https:\\\/\\\/www.oldtimer-nrw.net\\\/wordpress\\\/meine-schoensten-bilder-von-2017-fuer-den-kalender\\\/#respond\"]}]},{\"@type\":\"WebPage\",\"@id\":\"https:\\\/\\\/www.oldtimer-nrw.net\\\/wordpress\\\/meine-schoensten-bilder-von-2017-fuer-den-kalender\\\/\",\"url\":\"https:\\\/\\\/www.oldtimer-nrw.net\\\/wordpress\\\/meine-schoensten-bilder-von-2017-fuer-den-kalender\\\/\",\"name\":\"Die sch\u00f6nsten Bilder des Jahres 2016 - https:\\\/\\\/oldtimer-nrw.net\",\"isPartOf\":{\"@id\":\"https:\\\/\\\/www.oldtimer-nrw.net\\\/wordpress\\\/#website\"},\"primaryImageOfPage\":{\"@id\":\"https:\\\/\\\/www.oldtimer-nrw.net\\\/wordpress\\\/meine-schoensten-bilder-von-2017-fuer-den-kalender\\\/#primaryimage\"},\"image\":{\"@id\":\"https:\\\/\\\/www.oldtimer-nrw.net\\\/wordpress\\\/meine-schoensten-bilder-von-2017-fuer-den-kalender\\\/#primaryimage\"},\"thumbnailUrl\":\"https:\\\/\\\/www.oldtimer-nrw.net\\\/wordpress\\\/wp-content\\\/uploads\\\/2016\\\/10\\\/Bestof2016_Start.jpg\",\"datePublished\":\"2016-10-27T12:55:54+00:00\",\"dateModified\":\"2021-05-03T18:47:21+00:00\",\"description\":\"Die sch\u00f6nsten Bilder des Jahres 2016 - https:\\\/\\\/oldtimer-nrw.net - Oldtimer - Youngtimer - Motorsport - Tuning\",\"breadcrumb\":{\"@id\":\"https:\\\/\\\/www.oldtimer-nrw.net\\\/wordpress\\\/meine-schoensten-bilder-von-2017-fuer-den-kalender\\\/#breadcrumb\"},\"inLanguage\":\"de\",\"potentialAction\":[{\"@type\":\"ReadAction\",\"target\":[\"https:\\\/\\\/www.oldtimer-nrw.net\\\/wordpress\\\/meine-schoensten-bilder-von-2017-fuer-den-kalender\\\/\"]}]},{\"@type\":\"ImageObject\",\"inLanguage\":\"de\",\"@id\":\"https:\\\/\\\/www.oldtimer-nrw.net\\\/wordpress\\\/meine-schoensten-bilder-von-2017-fuer-den-kalender\\\/#primaryimage\",\"url\":\"https:\\\/\\\/www.oldtimer-nrw.net\\\/wordpress\\\/wp-content\\\/uploads\\\/2016\\\/10\\\/Bestof2016_Start.jpg\",\"contentUrl\":\"https:\\\/\\\/www.oldtimer-nrw.net\\\/wordpress\\\/wp-content\\\/uploads\\\/2016\\\/10\\\/Bestof2016_Start.jpg\",\"width\":1024,\"height\":576},{\"@type\":\"BreadcrumbList\",\"@id\":\"https:\\\/\\\/www.oldtimer-nrw.net\\\/wordpress\\\/meine-schoensten-bilder-von-2017-fuer-den-kalender\\\/#breadcrumb\",\"itemListElement\":[{\"@type\":\"ListItem\",\"position\":1,\"name\":\"Startseite\",\"item\":\"https:\\\/\\\/www.oldtimer-nrw.net\\\/wordpress\\\/\"},{\"@type\":\"ListItem\",\"position\":2,\"name\":\"Die sch\u00f6nsten Bilder des Jahres 2016\"}]},{\"@type\":\"WebSite\",\"@id\":\"https:\\\/\\\/www.oldtimer-nrw.net\\\/wordpress\\\/#website\",\"url\":\"https:\\\/\\\/www.oldtimer-nrw.net\\\/wordpress\\\/\",\"name\":\"https:\\\/\\\/oldtimer-nrw.net\",\"description\":\"Oldtimer * Youngtimer * Motorsport * Tuning\",\"publisher\":{\"@id\":\"https:\\\/\\\/www.oldtimer-nrw.net\\\/wordpress\\\/#\\\/schema\\\/person\\\/fb50b11b23e3a6c83a4fd898edc917d2\"},\"potentialAction\":[{\"@type\":\"SearchAction\",\"target\":{\"@type\":\"EntryPoint\",\"urlTemplate\":\"https:\\\/\\\/www.oldtimer-nrw.net\\\/wordpress\\\/?s={search_term_string}\"},\"query-input\":{\"@type\":\"PropertyValueSpecification\",\"valueRequired\":true,\"valueName\":\"search_term_string\"}}],\"inLanguage\":\"de\"},{\"@type\":[\"Person\",\"Organization\"],\"@id\":\"https:\\\/\\\/www.oldtimer-nrw.net\\\/wordpress\\\/#\\\/schema\\\/person\\\/fb50b11b23e3a6c83a4fd898edc917d2\",\"name\":\"Christian\",\"image\":{\"@type\":\"ImageObject\",\"inLanguage\":\"de\",\"@id\":\"https:\\\/\\\/secure.gravatar.com\\\/avatar\\\/148f254835bad72a5e34fb2e88fd867e0462b5d2a298d42fc7b1ba157f1c2c1d?s=96&d=mm&r=g\",\"url\":\"https:\\\/\\\/secure.gravatar.com\\\/avatar\\\/148f254835bad72a5e34fb2e88fd867e0462b5d2a298d42fc7b1ba157f1c2c1d?s=96&d=mm&r=g\",\"contentUrl\":\"https:\\\/\\\/secure.gravatar.com\\\/avatar\\\/148f254835bad72a5e34fb2e88fd867e0462b5d2a298d42fc7b1ba157f1c2c1d?s=96&d=mm&r=g\",\"caption\":\"Christian\"},\"logo\":{\"@id\":\"https:\\\/\\\/secure.gravatar.com\\\/avatar\\\/148f254835bad72a5e34fb2e88fd867e0462b5d2a298d42fc7b1ba157f1c2c1d?s=96&d=mm&r=g\"},\"sameAs\":[\"https:\\\/\\\/www.oldtimer-nrw.net\"]}]}<\/script>\n<!-- \/ Yoast SEO plugin. -->","yoast_head_json":{"title":"Die sch\u00f6nsten Bilder des Jahres 2016 - https:\/\/oldtimer-nrw.net","description":"Die sch\u00f6nsten Bilder des Jahres 2016 - https:\/\/oldtimer-nrw.net - Oldtimer - Youngtimer - Motorsport - Tuning","robots":{"index":"index","follow":"follow","max-snippet":"max-snippet:-1","max-image-preview":"max-image-preview:large","max-video-preview":"max-video-preview:-1"},"canonical":"https:\/\/www.oldtimer-nrw.net\/wordpress\/meine-schoensten-bilder-von-2017-fuer-den-kalender\/","og_locale":"de_DE","og_type":"article","og_title":"Die sch\u00f6nsten Bilder des Jahres 2016 - https:\/\/oldtimer-nrw.net","og_description":"Die sch\u00f6nsten Bilder des Jahres 2016 - https:\/\/oldtimer-nrw.net - Oldtimer - Youngtimer - Motorsport - Tuning","og_url":"https:\/\/www.oldtimer-nrw.net\/wordpress\/meine-schoensten-bilder-von-2017-fuer-den-kalender\/","og_site_name":"https:\/\/oldtimer-nrw.net","article_published_time":"2016-10-27T12:55:54+00:00","article_modified_time":"2021-05-03T18:47:21+00:00","og_image":[{"width":1024,"height":576,"url":"https:\/\/www.oldtimer-nrw.net\/wordpress\/wp-content\/uploads\/2016\/10\/Bestof2016_Start.jpg","type":"image\/jpeg"}],"author":"Christian","twitter_card":"summary_large_image","twitter_misc":{"Verfasst von":"Christian","Gesch\u00e4tzte Lesezeit":"1\u00a0Minute"},"schema":{"@context":"https:\/\/schema.org","@graph":[{"@type":"Article","@id":"https:\/\/www.oldtimer-nrw.net\/wordpress\/meine-schoensten-bilder-von-2017-fuer-den-kalender\/#article","isPartOf":{"@id":"https:\/\/www.oldtimer-nrw.net\/wordpress\/meine-schoensten-bilder-von-2017-fuer-den-kalender\/"},"author":{"name":"Christian","@id":"https:\/\/www.oldtimer-nrw.net\/wordpress\/#\/schema\/person\/fb50b11b23e3a6c83a4fd898edc917d2"},"headline":"Die sch\u00f6nsten Bilder des Jahres 2016","datePublished":"2016-10-27T12:55:54+00:00","dateModified":"2021-05-03T18:47:21+00:00","mainEntityOfPage":{"@id":"https:\/\/www.oldtimer-nrw.net\/wordpress\/meine-schoensten-bilder-von-2017-fuer-den-kalender\/"},"wordCount":243,"commentCount":3,"publisher":{"@id":"https:\/\/www.oldtimer-nrw.net\/wordpress\/#\/schema\/person\/fb50b11b23e3a6c83a4fd898edc917d2"},"image":{"@id":"https:\/\/www.oldtimer-nrw.net\/wordpress\/meine-schoensten-bilder-von-2017-fuer-den-kalender\/#primaryimage"},"thumbnailUrl":"https:\/\/www.oldtimer-nrw.net\/wordpress\/wp-content\/uploads\/2016\/10\/Bestof2016_Start.jpg","keywords":["2016","Messe","Motorsport","Oldtimer","Youngtimer"],"articleSection":["Neues aus der Redaktion"],"inLanguage":"de","potentialAction":[{"@type":"CommentAction","name":"Comment","target":["https:\/\/www.oldtimer-nrw.net\/wordpress\/meine-schoensten-bilder-von-2017-fuer-den-kalender\/#respond"]}]},{"@type":"WebPage","@id":"https:\/\/www.oldtimer-nrw.net\/wordpress\/meine-schoensten-bilder-von-2017-fuer-den-kalender\/","url":"https:\/\/www.oldtimer-nrw.net\/wordpress\/meine-schoensten-bilder-von-2017-fuer-den-kalender\/","name":"Die sch\u00f6nsten Bilder des Jahres 2016 - https:\/\/oldtimer-nrw.net","isPartOf":{"@id":"https:\/\/www.oldtimer-nrw.net\/wordpress\/#website"},"primaryImageOfPage":{"@id":"https:\/\/www.oldtimer-nrw.net\/wordpress\/meine-schoensten-bilder-von-2017-fuer-den-kalender\/#primaryimage"},"image":{"@id":"https:\/\/www.oldtimer-nrw.net\/wordpress\/meine-schoensten-bilder-von-2017-fuer-den-kalender\/#primaryimage"},"thumbnailUrl":"https:\/\/www.oldtimer-nrw.net\/wordpress\/wp-content\/uploads\/2016\/10\/Bestof2016_Start.jpg","datePublished":"2016-10-27T12:55:54+00:00","dateModified":"2021-05-03T18:47:21+00:00","description":"Die sch\u00f6nsten Bilder des Jahres 2016 - https:\/\/oldtimer-nrw.net - Oldtimer - Youngtimer - Motorsport - Tuning","breadcrumb":{"@id":"https:\/\/www.oldtimer-nrw.net\/wordpress\/meine-schoensten-bilder-von-2017-fuer-den-kalender\/#breadcrumb"},"inLanguage":"de","potentialAction":[{"@type":"ReadAction","target":["https:\/\/www.oldtimer-nrw.net\/wordpress\/meine-schoensten-bilder-von-2017-fuer-den-kalender\/"]}]},{"@type":"ImageObject","inLanguage":"de","@id":"https:\/\/www.oldtimer-nrw.net\/wordpress\/meine-schoensten-bilder-von-2017-fuer-den-kalender\/#primaryimage","url":"https:\/\/www.oldtimer-nrw.net\/wordpress\/wp-content\/uploads\/2016\/10\/Bestof2016_Start.jpg","contentUrl":"https:\/\/www.oldtimer-nrw.net\/wordpress\/wp-content\/uploads\/2016\/10\/Bestof2016_Start.jpg","width":1024,"height":576},{"@type":"BreadcrumbList","@id":"https:\/\/www.oldtimer-nrw.net\/wordpress\/meine-schoensten-bilder-von-2017-fuer-den-kalender\/#breadcrumb","itemListElement":[{"@type":"ListItem","position":1,"name":"Startseite","item":"https:\/\/www.oldtimer-nrw.net\/wordpress\/"},{"@type":"ListItem","position":2,"name":"Die sch\u00f6nsten Bilder des Jahres 2016"}]},{"@type":"WebSite","@id":"https:\/\/www.oldtimer-nrw.net\/wordpress\/#website","url":"https:\/\/www.oldtimer-nrw.net\/wordpress\/","name":"https:\/\/oldtimer-nrw.net","description":"Oldtimer * Youngtimer * Motorsport * Tuning","publisher":{"@id":"https:\/\/www.oldtimer-nrw.net\/wordpress\/#\/schema\/person\/fb50b11b23e3a6c83a4fd898edc917d2"},"potentialAction":[{"@type":"SearchAction","target":{"@type":"EntryPoint","urlTemplate":"https:\/\/www.oldtimer-nrw.net\/wordpress\/?s={search_term_string}"},"query-input":{"@type":"PropertyValueSpecification","valueRequired":true,"valueName":"search_term_string"}}],"inLanguage":"de"},{"@type":["Person","Organization"],"@id":"https:\/\/www.oldtimer-nrw.net\/wordpress\/#\/schema\/person\/fb50b11b23e3a6c83a4fd898edc917d2","name":"Christian","image":{"@type":"ImageObject","inLanguage":"de","@id":"https:\/\/secure.gravatar.com\/avatar\/148f254835bad72a5e34fb2e88fd867e0462b5d2a298d42fc7b1ba157f1c2c1d?s=96&d=mm&r=g","url":"https:\/\/secure.gravatar.com\/avatar\/148f254835bad72a5e34fb2e88fd867e0462b5d2a298d42fc7b1ba157f1c2c1d?s=96&d=mm&r=g","contentUrl":"https:\/\/secure.gravatar.com\/avatar\/148f254835bad72a5e34fb2e88fd867e0462b5d2a298d42fc7b1ba157f1c2c1d?s=96&d=mm&r=g","caption":"Christian"},"logo":{"@id":"https:\/\/secure.gravatar.com\/avatar\/148f254835bad72a5e34fb2e88fd867e0462b5d2a298d42fc7b1ba157f1c2c1d?s=96&d=mm&r=g"},"sameAs":["https:\/\/www.oldtimer-nrw.net"]}]}},"_links":{"self":[{"href":"https:\/\/www.oldtimer-nrw.net\/wordpress\/wp-json\/wp\/v2\/posts\/18823","targetHints":{"allow":["GET"]}}],"collection":[{"href":"https:\/\/www.oldtimer-nrw.net\/wordpress\/wp-json\/wp\/v2\/posts"}],"about":[{"href":"https:\/\/www.oldtimer-nrw.net\/wordpress\/wp-json\/wp\/v2\/types\/post"}],"author":[{"embeddable":true,"href":"https:\/\/www.oldtimer-nrw.net\/wordpress\/wp-json\/wp\/v2\/users\/1"}],"replies":[{"embeddable":true,"href":"https:\/\/www.oldtimer-nrw.net\/wordpress\/wp-json\/wp\/v2\/comments?post=18823"}],"version-history":[{"count":0,"href":"https:\/\/www.oldtimer-nrw.net\/wordpress\/wp-json\/wp\/v2\/posts\/18823\/revisions"}],"wp:featuredmedia":[{"embeddable":true,"href":"https:\/\/www.oldtimer-nrw.net\/wordpress\/wp-json\/wp\/v2\/media\/18824"}],"wp:attachment":[{"href":"https:\/\/www.oldtimer-nrw.net\/wordpress\/wp-json\/wp\/v2\/media?parent=18823"}],"wp:term":[{"taxonomy":"category","embeddable":true,"href":"https:\/\/www.oldtimer-nrw.net\/wordpress\/wp-json\/wp\/v2\/categories?post=18823"},{"taxonomy":"post_tag","embeddable":true,"href":"https:\/\/www.oldtimer-nrw.net\/wordpress\/wp-json\/wp\/v2\/tags?post=18823"}],"curies":[{"name":"wp","href":"https:\/\/api.w.org\/{rel}","templated":true}]}}