{"id":16089,"date":"2016-06-29T17:00:20","date_gmt":"2016-06-29T15:00:20","guid":{"rendered":"http:\/\/www.oldtimer-nrw.net\/wordpress\/?p=16089"},"modified":"2016-07-16T02:25:31","modified_gmt":"2016-07-16T00:25:31","slug":"bmw-barockengel-fuer-hochzeit-gesucht","status":"publish","type":"post","link":"https:\/\/www.oldtimer-nrw.net\/wordpress\/bmw-barockengel-fuer-hochzeit-gesucht\/","title":{"rendered":"BMW Barockengel f\u00fcr Hochzeit gesucht!"},"content":{"rendered":"<p><a href=\"https:\/\/www.oldtimer-nrw.net\/wordpress\/wp-content\/uploads\/2016\/06\/Barockengelgesucht.jpg\"><img loading=\"lazy\" decoding=\"async\" class=\"aligncenter size-full wp-image-16090\" src=\"https:\/\/www.oldtimer-nrw.net\/wordpress\/wp-content\/uploads\/2016\/06\/Barockengelgesucht.jpg\" alt=\"Barockengelgesucht\" width=\"1000\" height=\"563\" srcset=\"https:\/\/www.oldtimer-nrw.net\/wordpress\/wp-content\/uploads\/2016\/06\/Barockengelgesucht.jpg 1000w, https:\/\/www.oldtimer-nrw.net\/wordpress\/wp-content\/uploads\/2016\/06\/Barockengelgesucht-300x169.jpg 300w, https:\/\/www.oldtimer-nrw.net\/wordpress\/wp-content\/uploads\/2016\/06\/Barockengelgesucht-768x432.jpg 768w, https:\/\/www.oldtimer-nrw.net\/wordpress\/wp-content\/uploads\/2016\/06\/Barockengelgesucht-840x473.jpg 840w, https:\/\/www.oldtimer-nrw.net\/wordpress\/wp-content\/uploads\/2016\/06\/Barockengelgesucht-600x338.jpg 600w, https:\/\/www.oldtimer-nrw.net\/wordpress\/wp-content\/uploads\/2016\/06\/Barockengelgesucht-144x81.jpg 144w\" sizes=\"auto, (max-width: 1000px) 100vw, 1000px\" \/><\/a>F\u00fcr die Hochzeit eines guten Bekannten suche ich derzeit nach einem BMW der Baureihe 501\/502. Da diese bekannterweise sehr rar ges\u00e4t sind lassen wir mal offen, ob es sich hierbei um eine Limousine, ein Coupe oder sogar um ein Cabriolet handeln soll.<\/p>\n<p><!--more--><\/p>\n<p>Auch die Farbe will ich mal nicht vorgeben, wobei &#8222;wei\u00df&#8220; nat\u00fcrlich das Nonplusultra darstellen w\u00fcrde. Der Termin w\u00e4re der 01. Juli 2017, also noch ausreichend Zeit um zu planen, die \u00d6rtlichkeit hier am Niederrhein: Kamp-Lintfort, Moers, Krefeld.<\/p>\n<p>Hinweise und Angebote bitte mit oder ohne Fahrer, kommerziell oder privat bitte direkt per Email an:<\/p>\n<p>Andre Langer<br \/>\nEmail: alanger1986@freenet.de<\/p>\n<p>Vielen Dank f\u00fcr Eure Hilfe.<\/p>\n<p>Mit freundlichen Gr\u00fc\u00dfen<\/p>\n<p>Christian Koch<br \/>\nwww.oldtimer-nrw.net<\/p>\n","protected":false},"excerpt":{"rendered":"<p>F\u00fcr die Hochzeit eines guten Bekannten suche ich derzeit nach einem BMW der Baureihe 501\/502. Da diese bekannterweise sehr rar ges\u00e4t sind lassen wir mal offen, ob es sich hierbei um eine Limousine, ein Coupe &hellip;<\/p>\n","protected":false},"author":1,"featured_media":16090,"comment_status":"open","ping_status":"open","sticky":false,"template":"","format":"standard","meta":{"footnotes":""},"categories":[1],"tags":[102,89],"class_list":["post-16089","post","type-post","status-publish","format-standard","has-post-thumbnail","hentry","category-allgemein","tag-102","tag-termine-2"],"yoast_head":"<!-- This site is optimized with the Yoast SEO plugin v27.5 - https:\/\/yoast.com\/product\/yoast-seo-wordpress\/ -->\n<title>BMW Barockengel f\u00fcr Hochzeit gesucht! - https:\/\/oldtimer-nrw.net<\/title>\n<meta name=\"description\" content=\"BMW Barockengel f\u00fcr Hochzeit gesucht! - https:\/\/oldtimer-nrw.net - Oldtimer - Youngtimer - Motorsport - Tuning\" \/>\n<meta name=\"robots\" content=\"index, follow, max-snippet:-1, max-image-preview:large, max-video-preview:-1\" \/>\n<link rel=\"canonical\" href=\"https:\/\/www.oldtimer-nrw.net\/wordpress\/bmw-barockengel-fuer-hochzeit-gesucht\/\" \/>\n<meta property=\"og:locale\" content=\"de_DE\" \/>\n<meta property=\"og:type\" content=\"article\" \/>\n<meta property=\"og:title\" content=\"BMW Barockengel f\u00fcr Hochzeit gesucht! - https:\/\/oldtimer-nrw.net\" \/>\n<meta property=\"og:description\" content=\"BMW Barockengel f\u00fcr Hochzeit gesucht! - https:\/\/oldtimer-nrw.net - Oldtimer - Youngtimer - Motorsport - Tuning\" \/>\n<meta property=\"og:url\" content=\"https:\/\/www.oldtimer-nrw.net\/wordpress\/bmw-barockengel-fuer-hochzeit-gesucht\/\" \/>\n<meta property=\"og:site_name\" content=\"https:\/\/oldtimer-nrw.net\" \/>\n<meta property=\"article:published_time\" content=\"2016-06-29T15:00:20+00:00\" \/>\n<meta property=\"article:modified_time\" content=\"2016-07-16T00:25:31+00:00\" \/>\n<meta property=\"og:image\" content=\"https:\/\/www.oldtimer-nrw.net\/wordpress\/wp-content\/uploads\/2016\/06\/Barockengelgesucht.jpg\" \/>\n\t<meta property=\"og:image:width\" content=\"1000\" \/>\n\t<meta property=\"og:image:height\" content=\"563\" \/>\n\t<meta property=\"og:image:type\" content=\"image\/jpeg\" \/>\n<meta name=\"author\" content=\"Christian\" \/>\n<meta name=\"twitter:card\" content=\"summary_large_image\" \/>\n<meta name=\"twitter:label1\" content=\"Verfasst von\" \/>\n\t<meta name=\"twitter:data1\" content=\"Christian\" \/>\n\t<meta name=\"twitter:label2\" content=\"Gesch\u00e4tzte Lesezeit\" \/>\n\t<meta name=\"twitter:data2\" content=\"1\u00a0Minute\" \/>\n<script type=\"application\/ld+json\" class=\"yoast-schema-graph\">{\"@context\":\"https:\\\/\\\/schema.org\",\"@graph\":[{\"@type\":\"Article\",\"@id\":\"https:\\\/\\\/www.oldtimer-nrw.net\\\/wordpress\\\/bmw-barockengel-fuer-hochzeit-gesucht\\\/#article\",\"isPartOf\":{\"@id\":\"https:\\\/\\\/www.oldtimer-nrw.net\\\/wordpress\\\/bmw-barockengel-fuer-hochzeit-gesucht\\\/\"},\"author\":{\"name\":\"Christian\",\"@id\":\"https:\\\/\\\/www.oldtimer-nrw.net\\\/wordpress\\\/#\\\/schema\\\/person\\\/fb50b11b23e3a6c83a4fd898edc917d2\"},\"headline\":\"BMW Barockengel f\u00fcr Hochzeit gesucht!\",\"datePublished\":\"2016-06-29T15:00:20+00:00\",\"dateModified\":\"2016-07-16T00:25:31+00:00\",\"mainEntityOfPage\":{\"@id\":\"https:\\\/\\\/www.oldtimer-nrw.net\\\/wordpress\\\/bmw-barockengel-fuer-hochzeit-gesucht\\\/\"},\"wordCount\":124,\"commentCount\":2,\"publisher\":{\"@id\":\"https:\\\/\\\/www.oldtimer-nrw.net\\\/wordpress\\\/#\\\/schema\\\/person\\\/fb50b11b23e3a6c83a4fd898edc917d2\"},\"image\":{\"@id\":\"https:\\\/\\\/www.oldtimer-nrw.net\\\/wordpress\\\/bmw-barockengel-fuer-hochzeit-gesucht\\\/#primaryimage\"},\"thumbnailUrl\":\"https:\\\/\\\/www.oldtimer-nrw.net\\\/wordpress\\\/wp-content\\\/uploads\\\/2016\\\/06\\\/Barockengelgesucht.jpg\",\"keywords\":[\"2016\",\"Termine\"],\"articleSection\":[\"Neues aus der Redaktion\"],\"inLanguage\":\"de\",\"potentialAction\":[{\"@type\":\"CommentAction\",\"name\":\"Comment\",\"target\":[\"https:\\\/\\\/www.oldtimer-nrw.net\\\/wordpress\\\/bmw-barockengel-fuer-hochzeit-gesucht\\\/#respond\"]}]},{\"@type\":\"WebPage\",\"@id\":\"https:\\\/\\\/www.oldtimer-nrw.net\\\/wordpress\\\/bmw-barockengel-fuer-hochzeit-gesucht\\\/\",\"url\":\"https:\\\/\\\/www.oldtimer-nrw.net\\\/wordpress\\\/bmw-barockengel-fuer-hochzeit-gesucht\\\/\",\"name\":\"BMW Barockengel f\u00fcr Hochzeit gesucht! - https:\\\/\\\/oldtimer-nrw.net\",\"isPartOf\":{\"@id\":\"https:\\\/\\\/www.oldtimer-nrw.net\\\/wordpress\\\/#website\"},\"primaryImageOfPage\":{\"@id\":\"https:\\\/\\\/www.oldtimer-nrw.net\\\/wordpress\\\/bmw-barockengel-fuer-hochzeit-gesucht\\\/#primaryimage\"},\"image\":{\"@id\":\"https:\\\/\\\/www.oldtimer-nrw.net\\\/wordpress\\\/bmw-barockengel-fuer-hochzeit-gesucht\\\/#primaryimage\"},\"thumbnailUrl\":\"https:\\\/\\\/www.oldtimer-nrw.net\\\/wordpress\\\/wp-content\\\/uploads\\\/2016\\\/06\\\/Barockengelgesucht.jpg\",\"datePublished\":\"2016-06-29T15:00:20+00:00\",\"dateModified\":\"2016-07-16T00:25:31+00:00\",\"description\":\"BMW Barockengel f\u00fcr Hochzeit gesucht! - https:\\\/\\\/oldtimer-nrw.net - Oldtimer - Youngtimer - Motorsport - Tuning\",\"breadcrumb\":{\"@id\":\"https:\\\/\\\/www.oldtimer-nrw.net\\\/wordpress\\\/bmw-barockengel-fuer-hochzeit-gesucht\\\/#breadcrumb\"},\"inLanguage\":\"de\",\"potentialAction\":[{\"@type\":\"ReadAction\",\"target\":[\"https:\\\/\\\/www.oldtimer-nrw.net\\\/wordpress\\\/bmw-barockengel-fuer-hochzeit-gesucht\\\/\"]}]},{\"@type\":\"ImageObject\",\"inLanguage\":\"de\",\"@id\":\"https:\\\/\\\/www.oldtimer-nrw.net\\\/wordpress\\\/bmw-barockengel-fuer-hochzeit-gesucht\\\/#primaryimage\",\"url\":\"https:\\\/\\\/www.oldtimer-nrw.net\\\/wordpress\\\/wp-content\\\/uploads\\\/2016\\\/06\\\/Barockengelgesucht.jpg\",\"contentUrl\":\"https:\\\/\\\/www.oldtimer-nrw.net\\\/wordpress\\\/wp-content\\\/uploads\\\/2016\\\/06\\\/Barockengelgesucht.jpg\",\"width\":1000,\"height\":563},{\"@type\":\"BreadcrumbList\",\"@id\":\"https:\\\/\\\/www.oldtimer-nrw.net\\\/wordpress\\\/bmw-barockengel-fuer-hochzeit-gesucht\\\/#breadcrumb\",\"itemListElement\":[{\"@type\":\"ListItem\",\"position\":1,\"name\":\"Startseite\",\"item\":\"https:\\\/\\\/www.oldtimer-nrw.net\\\/wordpress\\\/\"},{\"@type\":\"ListItem\",\"position\":2,\"name\":\"BMW Barockengel f\u00fcr Hochzeit gesucht!\"}]},{\"@type\":\"WebSite\",\"@id\":\"https:\\\/\\\/www.oldtimer-nrw.net\\\/wordpress\\\/#website\",\"url\":\"https:\\\/\\\/www.oldtimer-nrw.net\\\/wordpress\\\/\",\"name\":\"https:\\\/\\\/oldtimer-nrw.net\",\"description\":\"Oldtimer * Youngtimer * Motorsport * Tuning\",\"publisher\":{\"@id\":\"https:\\\/\\\/www.oldtimer-nrw.net\\\/wordpress\\\/#\\\/schema\\\/person\\\/fb50b11b23e3a6c83a4fd898edc917d2\"},\"potentialAction\":[{\"@type\":\"SearchAction\",\"target\":{\"@type\":\"EntryPoint\",\"urlTemplate\":\"https:\\\/\\\/www.oldtimer-nrw.net\\\/wordpress\\\/?s={search_term_string}\"},\"query-input\":{\"@type\":\"PropertyValueSpecification\",\"valueRequired\":true,\"valueName\":\"search_term_string\"}}],\"inLanguage\":\"de\"},{\"@type\":[\"Person\",\"Organization\"],\"@id\":\"https:\\\/\\\/www.oldtimer-nrw.net\\\/wordpress\\\/#\\\/schema\\\/person\\\/fb50b11b23e3a6c83a4fd898edc917d2\",\"name\":\"Christian\",\"image\":{\"@type\":\"ImageObject\",\"inLanguage\":\"de\",\"@id\":\"https:\\\/\\\/secure.gravatar.com\\\/avatar\\\/148f254835bad72a5e34fb2e88fd867e0462b5d2a298d42fc7b1ba157f1c2c1d?s=96&d=mm&r=g\",\"url\":\"https:\\\/\\\/secure.gravatar.com\\\/avatar\\\/148f254835bad72a5e34fb2e88fd867e0462b5d2a298d42fc7b1ba157f1c2c1d?s=96&d=mm&r=g\",\"contentUrl\":\"https:\\\/\\\/secure.gravatar.com\\\/avatar\\\/148f254835bad72a5e34fb2e88fd867e0462b5d2a298d42fc7b1ba157f1c2c1d?s=96&d=mm&r=g\",\"caption\":\"Christian\"},\"logo\":{\"@id\":\"https:\\\/\\\/secure.gravatar.com\\\/avatar\\\/148f254835bad72a5e34fb2e88fd867e0462b5d2a298d42fc7b1ba157f1c2c1d?s=96&d=mm&r=g\"},\"sameAs\":[\"https:\\\/\\\/www.oldtimer-nrw.net\"]}]}<\/script>\n<!-- \/ Yoast SEO plugin. -->","yoast_head_json":{"title":"BMW Barockengel f\u00fcr Hochzeit gesucht! - https:\/\/oldtimer-nrw.net","description":"BMW Barockengel f\u00fcr Hochzeit gesucht! - https:\/\/oldtimer-nrw.net - Oldtimer - Youngtimer - Motorsport - Tuning","robots":{"index":"index","follow":"follow","max-snippet":"max-snippet:-1","max-image-preview":"max-image-preview:large","max-video-preview":"max-video-preview:-1"},"canonical":"https:\/\/www.oldtimer-nrw.net\/wordpress\/bmw-barockengel-fuer-hochzeit-gesucht\/","og_locale":"de_DE","og_type":"article","og_title":"BMW Barockengel f\u00fcr Hochzeit gesucht! - https:\/\/oldtimer-nrw.net","og_description":"BMW Barockengel f\u00fcr Hochzeit gesucht! - https:\/\/oldtimer-nrw.net - Oldtimer - Youngtimer - Motorsport - Tuning","og_url":"https:\/\/www.oldtimer-nrw.net\/wordpress\/bmw-barockengel-fuer-hochzeit-gesucht\/","og_site_name":"https:\/\/oldtimer-nrw.net","article_published_time":"2016-06-29T15:00:20+00:00","article_modified_time":"2016-07-16T00:25:31+00:00","og_image":[{"width":1000,"height":563,"url":"https:\/\/www.oldtimer-nrw.net\/wordpress\/wp-content\/uploads\/2016\/06\/Barockengelgesucht.jpg","type":"image\/jpeg"}],"author":"Christian","twitter_card":"summary_large_image","twitter_misc":{"Verfasst von":"Christian","Gesch\u00e4tzte Lesezeit":"1\u00a0Minute"},"schema":{"@context":"https:\/\/schema.org","@graph":[{"@type":"Article","@id":"https:\/\/www.oldtimer-nrw.net\/wordpress\/bmw-barockengel-fuer-hochzeit-gesucht\/#article","isPartOf":{"@id":"https:\/\/www.oldtimer-nrw.net\/wordpress\/bmw-barockengel-fuer-hochzeit-gesucht\/"},"author":{"name":"Christian","@id":"https:\/\/www.oldtimer-nrw.net\/wordpress\/#\/schema\/person\/fb50b11b23e3a6c83a4fd898edc917d2"},"headline":"BMW Barockengel f\u00fcr Hochzeit gesucht!","datePublished":"2016-06-29T15:00:20+00:00","dateModified":"2016-07-16T00:25:31+00:00","mainEntityOfPage":{"@id":"https:\/\/www.oldtimer-nrw.net\/wordpress\/bmw-barockengel-fuer-hochzeit-gesucht\/"},"wordCount":124,"commentCount":2,"publisher":{"@id":"https:\/\/www.oldtimer-nrw.net\/wordpress\/#\/schema\/person\/fb50b11b23e3a6c83a4fd898edc917d2"},"image":{"@id":"https:\/\/www.oldtimer-nrw.net\/wordpress\/bmw-barockengel-fuer-hochzeit-gesucht\/#primaryimage"},"thumbnailUrl":"https:\/\/www.oldtimer-nrw.net\/wordpress\/wp-content\/uploads\/2016\/06\/Barockengelgesucht.jpg","keywords":["2016","Termine"],"articleSection":["Neues aus der Redaktion"],"inLanguage":"de","potentialAction":[{"@type":"CommentAction","name":"Comment","target":["https:\/\/www.oldtimer-nrw.net\/wordpress\/bmw-barockengel-fuer-hochzeit-gesucht\/#respond"]}]},{"@type":"WebPage","@id":"https:\/\/www.oldtimer-nrw.net\/wordpress\/bmw-barockengel-fuer-hochzeit-gesucht\/","url":"https:\/\/www.oldtimer-nrw.net\/wordpress\/bmw-barockengel-fuer-hochzeit-gesucht\/","name":"BMW Barockengel f\u00fcr Hochzeit gesucht! - https:\/\/oldtimer-nrw.net","isPartOf":{"@id":"https:\/\/www.oldtimer-nrw.net\/wordpress\/#website"},"primaryImageOfPage":{"@id":"https:\/\/www.oldtimer-nrw.net\/wordpress\/bmw-barockengel-fuer-hochzeit-gesucht\/#primaryimage"},"image":{"@id":"https:\/\/www.oldtimer-nrw.net\/wordpress\/bmw-barockengel-fuer-hochzeit-gesucht\/#primaryimage"},"thumbnailUrl":"https:\/\/www.oldtimer-nrw.net\/wordpress\/wp-content\/uploads\/2016\/06\/Barockengelgesucht.jpg","datePublished":"2016-06-29T15:00:20+00:00","dateModified":"2016-07-16T00:25:31+00:00","description":"BMW Barockengel f\u00fcr Hochzeit gesucht! - https:\/\/oldtimer-nrw.net - Oldtimer - Youngtimer - Motorsport - Tuning","breadcrumb":{"@id":"https:\/\/www.oldtimer-nrw.net\/wordpress\/bmw-barockengel-fuer-hochzeit-gesucht\/#breadcrumb"},"inLanguage":"de","potentialAction":[{"@type":"ReadAction","target":["https:\/\/www.oldtimer-nrw.net\/wordpress\/bmw-barockengel-fuer-hochzeit-gesucht\/"]}]},{"@type":"ImageObject","inLanguage":"de","@id":"https:\/\/www.oldtimer-nrw.net\/wordpress\/bmw-barockengel-fuer-hochzeit-gesucht\/#primaryimage","url":"https:\/\/www.oldtimer-nrw.net\/wordpress\/wp-content\/uploads\/2016\/06\/Barockengelgesucht.jpg","contentUrl":"https:\/\/www.oldtimer-nrw.net\/wordpress\/wp-content\/uploads\/2016\/06\/Barockengelgesucht.jpg","width":1000,"height":563},{"@type":"BreadcrumbList","@id":"https:\/\/www.oldtimer-nrw.net\/wordpress\/bmw-barockengel-fuer-hochzeit-gesucht\/#breadcrumb","itemListElement":[{"@type":"ListItem","position":1,"name":"Startseite","item":"https:\/\/www.oldtimer-nrw.net\/wordpress\/"},{"@type":"ListItem","position":2,"name":"BMW Barockengel f\u00fcr Hochzeit gesucht!"}]},{"@type":"WebSite","@id":"https:\/\/www.oldtimer-nrw.net\/wordpress\/#website","url":"https:\/\/www.oldtimer-nrw.net\/wordpress\/","name":"https:\/\/oldtimer-nrw.net","description":"Oldtimer * Youngtimer * Motorsport * Tuning","publisher":{"@id":"https:\/\/www.oldtimer-nrw.net\/wordpress\/#\/schema\/person\/fb50b11b23e3a6c83a4fd898edc917d2"},"potentialAction":[{"@type":"SearchAction","target":{"@type":"EntryPoint","urlTemplate":"https:\/\/www.oldtimer-nrw.net\/wordpress\/?s={search_term_string}"},"query-input":{"@type":"PropertyValueSpecification","valueRequired":true,"valueName":"search_term_string"}}],"inLanguage":"de"},{"@type":["Person","Organization"],"@id":"https:\/\/www.oldtimer-nrw.net\/wordpress\/#\/schema\/person\/fb50b11b23e3a6c83a4fd898edc917d2","name":"Christian","image":{"@type":"ImageObject","inLanguage":"de","@id":"https:\/\/secure.gravatar.com\/avatar\/148f254835bad72a5e34fb2e88fd867e0462b5d2a298d42fc7b1ba157f1c2c1d?s=96&d=mm&r=g","url":"https:\/\/secure.gravatar.com\/avatar\/148f254835bad72a5e34fb2e88fd867e0462b5d2a298d42fc7b1ba157f1c2c1d?s=96&d=mm&r=g","contentUrl":"https:\/\/secure.gravatar.com\/avatar\/148f254835bad72a5e34fb2e88fd867e0462b5d2a298d42fc7b1ba157f1c2c1d?s=96&d=mm&r=g","caption":"Christian"},"logo":{"@id":"https:\/\/secure.gravatar.com\/avatar\/148f254835bad72a5e34fb2e88fd867e0462b5d2a298d42fc7b1ba157f1c2c1d?s=96&d=mm&r=g"},"sameAs":["https:\/\/www.oldtimer-nrw.net"]}]}},"_links":{"self":[{"href":"https:\/\/www.oldtimer-nrw.net\/wordpress\/wp-json\/wp\/v2\/posts\/16089","targetHints":{"allow":["GET"]}}],"collection":[{"href":"https:\/\/www.oldtimer-nrw.net\/wordpress\/wp-json\/wp\/v2\/posts"}],"about":[{"href":"https:\/\/www.oldtimer-nrw.net\/wordpress\/wp-json\/wp\/v2\/types\/post"}],"author":[{"embeddable":true,"href":"https:\/\/www.oldtimer-nrw.net\/wordpress\/wp-json\/wp\/v2\/users\/1"}],"replies":[{"embeddable":true,"href":"https:\/\/www.oldtimer-nrw.net\/wordpress\/wp-json\/wp\/v2\/comments?post=16089"}],"version-history":[{"count":0,"href":"https:\/\/www.oldtimer-nrw.net\/wordpress\/wp-json\/wp\/v2\/posts\/16089\/revisions"}],"wp:featuredmedia":[{"embeddable":true,"href":"https:\/\/www.oldtimer-nrw.net\/wordpress\/wp-json\/wp\/v2\/media\/16090"}],"wp:attachment":[{"href":"https:\/\/www.oldtimer-nrw.net\/wordpress\/wp-json\/wp\/v2\/media?parent=16089"}],"wp:term":[{"taxonomy":"category","embeddable":true,"href":"https:\/\/www.oldtimer-nrw.net\/wordpress\/wp-json\/wp\/v2\/categories?post=16089"},{"taxonomy":"post_tag","embeddable":true,"href":"https:\/\/www.oldtimer-nrw.net\/wordpress\/wp-json\/wp\/v2\/tags?post=16089"}],"curies":[{"name":"wp","href":"https:\/\/api.w.org\/{rel}","templated":true}]}}